{"id":6009,"date":"2023-03-07T11:27:31","date_gmt":"2023-03-07T10:27:31","guid":{"rendered":"https:\/\/www.areabesos.com\/diario\/?p=6009"},"modified":"2023-03-07T11:27:31","modified_gmt":"2023-03-07T10:27:31","slug":"segona-jornada-del-cicle-de-debats-sobre-seguretat-al-transport-public-de-tusgsal","status":"publish","type":"post","link":"https:\/\/www.areabesos.com\/diario\/segona-jornada-del-cicle-de-debats-sobre-seguretat-al-transport-public-de-tusgsal\/","title":{"rendered":"Segona jornada del cicle de debats sobre seguretat al transport p\u00fablic de Tusgsal"},"content":{"rendered":"\n<p>La Secret\u00e0ria de Feminismes del Govern de la Generalitat, Montserrat Pineda, va inaugurar la segona jornada del cicle de debats: Qualitat, Seguretat i Conviv\u00e8ncia. En aquesta ocasi\u00f3 centrada en la relaci\u00f3 entre transport p\u00fablic, seguretat i g\u00e8nere. En la seva intervenci\u00f3 va destacar la import\u00e0ncia de projectar la mirada de les dones en tots els \u00e0mbits de la nostra societat, amb voluntat de generar transformacions socials profundes des del comprom\u00eds individual. Va destacar la necessitat d\u2019incorporar al servei de transport p\u00fablic les necessitats i els comportaments de les dones. A la vegada que va manifestar el comprom\u00eds del Departament d\u2019Igualtat i Feminismes de la Generalitat en relaci\u00f3 a la incorpoiraci\u00f3 de les claussules de g\u00e8nere en els plecs de contractaci\u00f3.<\/p>\n\n\n\n<p>La soci\u00f2loga, experta en urbanisme i feminisme i membre del Col\u00b7lectiu Punt 6, Sara Ortiz, va fer una dura diagnosi sobre la invisibilitzaci\u00f3 de les necessitats de mobilitat de les dones en relaci\u00f3 al disseny de la xarxa de transport p\u00fablic i als propis vehicles.<\/p>\n\n\n\n<p>En la seva intervenci\u00f3 va afirmar que respon a par\u00e0metres androc\u00e8ntrics i que no at\u00e9n als patrons de mobilitat complexa, sostenible i insegura de les dones. En aquest sentit va destacar les qualitats que ha de tenir per a ser realment inclusiu: Quotidiana i cuidadora; accessible i diversa; segurra i lliure; nocturna i festiva i finalment, equitativa i participativa.<\/p>\n\n\n\n<p>La soci\u00f2loga va voler destacar l\u2019experi\u00e8ncia \u201cEl bus es nostre\u201d que va consistir en unes marxes explorat\u00f2ries de dones per visualitzar i recon\u00e8ixer totes aquelles mancances que dificulten i condicionen la mobilitat de les dones al servei d\u2019autob\u00fas. En aquesta experi\u00e8ncia va comptar amb la col\u00b7laboraci\u00f3 de TUSGSAL.<\/p>\n\n\n\n<div><a href=\"https:\/\/www.areabesos.com\/diario\/wp-content\/uploads\/2023\/03\/cicleconferenciesTrusgal02_02-1024x685.jpg\" class=\"td-modal-image\"><figure class=\"wp-block-image size-large\"><img loading=\"lazy\" decoding=\"async\" width=\"1024\" height=\"685\" src=\"https:\/\/www.areabesos.com\/diario\/wp-content\/uploads\/2023\/03\/cicleconferenciesTrusgal02_02-1024x685.jpg\" alt=\"\" class=\"wp-image-6010\" srcset=\"https:\/\/www.areabesos.com\/diario\/wp-content\/uploads\/2023\/03\/cicleconferenciesTrusgal02_02-1024x685.jpg 1024w, https:\/\/www.areabesos.com\/diario\/wp-content\/uploads\/2023\/03\/cicleconferenciesTrusgal02_02-300x201.jpg 300w, https:\/\/www.areabesos.com\/diario\/wp-content\/uploads\/2023\/03\/cicleconferenciesTrusgal02_02-768x514.jpg 768w, https:\/\/www.areabesos.com\/diario\/wp-content\/uploads\/2023\/03\/cicleconferenciesTrusgal02_02-150x100.jpg 150w, https:\/\/www.areabesos.com\/diario\/wp-content\/uploads\/2023\/03\/cicleconferenciesTrusgal02_02-696x466.jpg 696w, https:\/\/www.areabesos.com\/diario\/wp-content\/uploads\/2023\/03\/cicleconferenciesTrusgal02_02-1068x715.jpg 1068w, https:\/\/www.areabesos.com\/diario\/wp-content\/uploads\/2023\/03\/cicleconferenciesTrusgal02_02.jpg 1200w\" sizes=\"auto, (max-width: 1024px) 100vw, 1024px\" \/><figcaption class=\"wp-element-caption\">A la xerrada van ser presents la secret\u00e0ria de Feminismes de la Generalitat, Montserrat Pineda, la soci\u00f2loga Sara Ortiz, el sotsdirector de Prevenci\u00f3 i Sensibilitzaci\u00f3 del Departament d\u2019Igualtat i Feminismes, Rub\u00e9n Sanchez, la directora de Comunicaci\u00f3 de la Fundaci\u00f3 SURT, Carme Porta,\u00a0la caporal de la Gu\u00e0rdia Urbana de Badalona, Isabel Mart\u00ednez i la responsable de gesti\u00f3 administrativa de l\u2019\u00c0rea de material m\u00f2bil de TUSGSAL, Sheila Ramos.<\/figcaption><\/figure><\/a><\/div>\n\n\n\n<p>La taula de debat va comptar amb la participaci\u00f3 del sotsdirector de Prevenci\u00f3 i Sensibilitzaci\u00f3 del Departament d\u2019Igualtat i Feminismes, Rub\u00e9n Sanchez, de la directora de Comunicaci\u00f3 de la Fundaci\u00f3 SURT, Carme Porta,&nbsp; de la caporal de la Gu\u00e0rdia Urbana de Badalona, Isabel Mart\u00ednez i la responsable de gesti\u00f3 administrativa de l\u2019\u00c0rea de material m\u00f2bil de TUSGSAL, Sheila Ramos.<\/p>\n\n\n\n<p>El debat va posar en evid\u00e8ncia la necessitat d\u2019abordar la q\u00fcesti\u00f3 des de les estrat\u00e8gies comunit\u00e0ries, incorporant el teixit associatiu, experts i institucions per a produir veritables canvis en la construcci\u00f3 de solucions i les percepcions. I apostar per una transformaci\u00f3 de la mentalitat a l\u2019hora de mirar els espais p\u00fablics i per tant, tamb\u00e9 el transport p\u00fablic. Com es va afirmar cal una reeducaci\u00f3 de la mirada dels homes i del conjunt de la societat perqu\u00e8 adopti perspectuves que els permetin observar situacions i conductes que pateixen les dones.<\/p>\n\n\n\n<p>La jornada va finalitzar amb la participaci\u00f3 de la presidenta i la secret\u00e0ria de la Federaci\u00f3 de Dones de Badalona, Roc\u00edo Mateos y Celestina Y\u00e1\u00f1ez que van donar testimoni des de l\u2019experi\u00e8ncia personal de fins a quin punt en el transport p\u00fablic es poden generar situacions d\u2019inseguretat que pateixen en especial les dones.<\/p>\n\n\n\n<p>\u201cNo volem tenir por\u201d va ser el clam final de la seva intervenci\u00f3 i el lema de la seva reivindicaci\u00f3 avalada per una traject\u00f2ria de comprom\u00eds en la lluita per la igualtat de la Federaci\u00f3 de Dones de Badalona.<\/p>\n\n\n\n<p>El moment emotiu de la jornada el va protagonitzar el reconeixement que el Director General de DIREXIS TUSGSAL, Carles F\u00e0bregas va fer de la Paqui Aguilar, una conductora pionera a tot l\u2019Estat i treballadora hist\u00f2rica de la cooperativa. Un exemple del comprom\u00eds hist\u00f2ric de l\u2019empresa amb els valors de la igualtat com ho \u00e9s tamb\u00e9 el Pla contra l\u2019assetjament sexual al transport p\u00fablic que tot just s\u2019ha posat en marxa.<\/p>\n\n\n\n<p>Van cloure la jornada, la Tinenta d\u2019Alcaldia de l\u2019Ajuntament de Badalona, A\u00efda Llaurad\u00f3 i el president de la Fundaci\u00f3 per a la Seguretat P\u00fablica, Josep G\u00e1zquez que va destacar la necessitat de dissenyar estrat\u00e8gies comunit\u00e0ries a la gesti\u00f3 de la seguretat p\u00fablica i a la millora de les percepci\u00f3 en aquest \u00e0mbit.<\/p>\n","protected":false},"excerpt":{"rendered":"<p>La Secret\u00e0ria de Feminismes del Govern de la Generalitat, Montserrat Pineda, va inaugurar la segona jornada del cicle de debats: Qualitat, Seguretat i Conviv\u00e8ncia. En aquesta ocasi\u00f3 centrada en la relaci\u00f3 entre transport p\u00fablic, seguretat i g\u00e8nere. En la seva intervenci\u00f3 va destacar la import\u00e0ncia de projectar la mirada de les dones en tots els [&hellip;]<\/p>\n","protected":false},"author":2,"featured_media":6011,"comment_status":"closed","ping_status":"open","sticky":false,"template":"","format":"standard","meta":{"footnotes":""},"categories":[134],"tags":[],"class_list":{"0":"post-6009","1":"post","2":"type-post","3":"status-publish","4":"format-standard","5":"has-post-thumbnail","7":"category-actualitat"},"_links":{"self":[{"href":"https:\/\/www.areabesos.com\/diario\/wp-json\/wp\/v2\/posts\/6009","targetHints":{"allow":["GET"]}}],"collection":[{"href":"https:\/\/www.areabesos.com\/diario\/wp-json\/wp\/v2\/posts"}],"about":[{"href":"https:\/\/www.areabesos.com\/diario\/wp-json\/wp\/v2\/types\/post"}],"author":[{"embeddable":true,"href":"https:\/\/www.areabesos.com\/diario\/wp-json\/wp\/v2\/users\/2"}],"replies":[{"embeddable":true,"href":"https:\/\/www.areabesos.com\/diario\/wp-json\/wp\/v2\/comments?post=6009"}],"version-history":[{"count":1,"href":"https:\/\/www.areabesos.com\/diario\/wp-json\/wp\/v2\/posts\/6009\/revisions"}],"predecessor-version":[{"id":6012,"href":"https:\/\/www.areabesos.com\/diario\/wp-json\/wp\/v2\/posts\/6009\/revisions\/6012"}],"wp:featuredmedia":[{"embeddable":true,"href":"https:\/\/www.areabesos.com\/diario\/wp-json\/wp\/v2\/media\/6011"}],"wp:attachment":[{"href":"https:\/\/www.areabesos.com\/diario\/wp-json\/wp\/v2\/media?parent=6009"}],"wp:term":[{"taxonomy":"category","embeddable":true,"href":"https:\/\/www.areabesos.com\/diario\/wp-json\/wp\/v2\/categories?post=6009"},{"taxonomy":"post_tag","embeddable":true,"href":"https:\/\/www.areabesos.com\/diario\/wp-json\/wp\/v2\/tags?post=6009"}],"curies":[{"name":"wp","href":"https:\/\/api.w.org\/{rel}","templated":true}]}}