{"id":6001,"date":"2023-03-03T13:17:01","date_gmt":"2023-03-03T12:17:01","guid":{"rendered":"https:\/\/www.areabesos.com\/diario\/?p=6001"},"modified":"2023-03-03T13:17:02","modified_gmt":"2023-03-03T12:17:02","slug":"sant-adria-en-comu-presenta-la-seva-candidatura-a-les-municipals-de-maig","status":"publish","type":"post","link":"https:\/\/www.areabesos.com\/diario\/sant-adria-en-comu-presenta-la-seva-candidatura-a-les-municipals-de-maig\/","title":{"rendered":"Sant Adri\u00e0 En Com\u00fa presenta la seva candidatura a les municipals de maig"},"content":{"rendered":"\n<p> <\/p>\n\n\n\n<p>Sant Adri\u00e0 En Com\u00fa <strong>va omplir el Casal de Dalt de la Vila<\/strong> per la presentaci\u00f3 de la seva aposta pol\u00edtica de cara a les Eleccions Municipals del proper 28 de maig de 2023. Un acte on es va poder fer un rep\u00e0s dels perfils de la llista de la candidatura i les mesures m\u00e9s de car\u00e0cter program\u00e0tic.<\/p>\n\n\n\n<p>Sota el lema \u00ab<strong>Ara \u00e9s l&#8217;hora de Sant Adri\u00e0<\/strong>\u00ab, anunciat a la mateixa presentaci\u00f3, la candidatura encap\u00e7alada per la regidora Irene Aldabert, reivindica la import\u00e0ncia que ha de tenir la Sant Adri\u00e0 del futur, on la vida de la ciutadania ha d&#8217;estar al centre, i per aix\u00f2 l&#8217;ecologisme esdev\u00e9 capbal per revertir tota la contaminaci\u00f3 que ha de patir la ciutadania, i les pol\u00edtiques socials per garantir drets i les pol\u00edtiques feministes perqu\u00e8 les dones puguin viure en llibertat a la ciutat.<\/p>\n\n\n\n<p>La llista estar\u00e0 encap\u00e7alada per <strong>Irene Aldabert<\/strong>, seguit de l&#8217;exsenador <strong>Joan Comorera<\/strong>, l&#8217;actual regidora <strong>N\u00faria Torres<\/strong> i l&#8217;exregidor<strong> Eduardo Fern\u00e1ndez.<\/strong> Una llista que comptar\u00e0 amb gent molt diversa, provinent de les Associacions de Familiars de l&#8217;alumnat, de les associacions de lleure, de la defensa del medi ambient, de les Associacions de Ve\u00efns i ve\u00efnes, de la cultura popular, de la defensa del feminisme i els drets LGTBIQ, la gent de la solidaritat i la cooperaci\u00f3, de la defensa dels animals i dels valors republicans.<\/p>\n\n\n\n<p>L&#8217;acte va finalitzar amb un m\u00edting d&#8217;Irene Aldabert on va remarcar l&#8217;aposta de Sant Adri\u00e0 En Com\u00fa i el proc\u00e9s participatiu d&#8217;escolta que ha realitzat per sentir a tot el ve\u00efnat de Sant Adri\u00e0, barri a barri, per sumar aportacions i idees al programa electoral.<\/p>\n","protected":false},"excerpt":{"rendered":"<p>Sant Adri\u00e0 En Com\u00fa va omplir el Casal de Dalt de la Vila per la presentaci\u00f3 de la seva aposta pol\u00edtica de cara a les Eleccions Municipals del proper 28 de maig de 2023. Un acte on es va poder fer un rep\u00e0s dels perfils de la llista de la candidatura i les mesures m\u00e9s [&hellip;]<\/p>\n","protected":false},"author":2,"featured_media":6002,"comment_status":"closed","ping_status":"open","sticky":false,"template":"","format":"standard","meta":{"footnotes":""},"categories":[134],"tags":[],"class_list":{"0":"post-6001","1":"post","2":"type-post","3":"status-publish","4":"format-standard","5":"has-post-thumbnail","7":"category-actualitat"},"_links":{"self":[{"href":"https:\/\/www.areabesos.com\/diario\/wp-json\/wp\/v2\/posts\/6001","targetHints":{"allow":["GET"]}}],"collection":[{"href":"https:\/\/www.areabesos.com\/diario\/wp-json\/wp\/v2\/posts"}],"about":[{"href":"https:\/\/www.areabesos.com\/diario\/wp-json\/wp\/v2\/types\/post"}],"author":[{"embeddable":true,"href":"https:\/\/www.areabesos.com\/diario\/wp-json\/wp\/v2\/users\/2"}],"replies":[{"embeddable":true,"href":"https:\/\/www.areabesos.com\/diario\/wp-json\/wp\/v2\/comments?post=6001"}],"version-history":[{"count":1,"href":"https:\/\/www.areabesos.com\/diario\/wp-json\/wp\/v2\/posts\/6001\/revisions"}],"predecessor-version":[{"id":6003,"href":"https:\/\/www.areabesos.com\/diario\/wp-json\/wp\/v2\/posts\/6001\/revisions\/6003"}],"wp:featuredmedia":[{"embeddable":true,"href":"https:\/\/www.areabesos.com\/diario\/wp-json\/wp\/v2\/media\/6002"}],"wp:attachment":[{"href":"https:\/\/www.areabesos.com\/diario\/wp-json\/wp\/v2\/media?parent=6001"}],"wp:term":[{"taxonomy":"category","embeddable":true,"href":"https:\/\/www.areabesos.com\/diario\/wp-json\/wp\/v2\/categories?post=6001"},{"taxonomy":"post_tag","embeddable":true,"href":"https:\/\/www.areabesos.com\/diario\/wp-json\/wp\/v2\/tags?post=6001"}],"curies":[{"name":"wp","href":"https:\/\/api.w.org\/{rel}","templated":true}]}}