{"id":5997,"date":"2023-03-03T11:46:58","date_gmt":"2023-03-03T10:46:58","guid":{"rendered":"https:\/\/www.areabesos.com\/diario\/?p=5997"},"modified":"2023-03-03T11:46:59","modified_gmt":"2023-03-03T10:46:59","slug":"incendi-sense-ferits-greus-al-barri-de-sant-joan-baptista","status":"publish","type":"post","link":"https:\/\/www.areabesos.com\/diario\/incendi-sense-ferits-greus-al-barri-de-sant-joan-baptista\/","title":{"rendered":"Incendi sense ferits greus al barri de Sant Joan Baptista"},"content":{"rendered":"\n<p>Aquest mat\u00ed s&#8217;ha produit un incendi al n\u00famero 8 del carrer Sant Pere en el que no s&#8217;han produit ferits greus, nom\u00e9s s&#8217;ha hagut d&#8217;atendre per inhalaci\u00f3 de fums a la propiet\u00e0ria del pis. Tal i com ha informat l&#8217;alcaldessa adrianenca, Filo Ca\u00f1ete, s&#8217;han apropat al lloc dels fets Bombers, Policia Local, i arquitectes i serveis socials de l&#8217;ajuntament per atendre els ve\u00efns afectats. <\/p>\n\n\n\n<p>Un cop extinguit l&#8217;incendia pels Bombers, els ve\u00efns ja han pogut tornar a les seves cases, amb excepci\u00f3 dels que viuen a la mateixa planta del pis incendiat.<\/p>\n\n\n\n<p>  <\/p>\n\n\n\n<div><a href=\"https:\/\/www.areabesos.com\/diario\/wp-content\/uploads\/2023\/03\/incendio02-1024x768.jpeg\" class=\"td-modal-image\"><figure class=\"wp-block-image size-large\"><img loading=\"lazy\" decoding=\"async\" width=\"1024\" height=\"768\" src=\"https:\/\/www.areabesos.com\/diario\/wp-content\/uploads\/2023\/03\/incendio02-1024x768.jpeg\" alt=\"\" class=\"wp-image-5998\" srcset=\"https:\/\/www.areabesos.com\/diario\/wp-content\/uploads\/2023\/03\/incendio02-1024x768.jpeg 1024w, https:\/\/www.areabesos.com\/diario\/wp-content\/uploads\/2023\/03\/incendio02-300x225.jpeg 300w, https:\/\/www.areabesos.com\/diario\/wp-content\/uploads\/2023\/03\/incendio02-768x576.jpeg 768w, https:\/\/www.areabesos.com\/diario\/wp-content\/uploads\/2023\/03\/incendio02-150x113.jpeg 150w, https:\/\/www.areabesos.com\/diario\/wp-content\/uploads\/2023\/03\/incendio02-696x522.jpeg 696w, https:\/\/www.areabesos.com\/diario\/wp-content\/uploads\/2023\/03\/incendio02-1068x801.jpeg 1068w, https:\/\/www.areabesos.com\/diario\/wp-content\/uploads\/2023\/03\/incendio02.jpeg 1200w\" sizes=\"auto, (max-width: 1024px) 100vw, 1024px\" \/><figcaption class=\"wp-element-caption\">Fotografia: Ajuntament de Sant Adri\u00e0<\/figcaption><\/figure><\/a><\/div>\n","protected":false},"excerpt":{"rendered":"<p>Aquest mat\u00ed s&#8217;ha produit un incendi al n\u00famero 8 del carrer Sant Pere en el que no s&#8217;han produit ferits greus, nom\u00e9s s&#8217;ha hagut d&#8217;atendre per inhalaci\u00f3 de fums a la propiet\u00e0ria del pis. Tal i com ha informat l&#8217;alcaldessa adrianenca, Filo Ca\u00f1ete, s&#8217;han apropat al lloc dels fets Bombers, Policia Local, i arquitectes i [&hellip;]<\/p>\n","protected":false},"author":2,"featured_media":5999,"comment_status":"closed","ping_status":"open","sticky":false,"template":"","format":"standard","meta":{"footnotes":""},"categories":[134],"tags":[],"class_list":{"0":"post-5997","1":"post","2":"type-post","3":"status-publish","4":"format-standard","5":"has-post-thumbnail","7":"category-actualitat"},"_links":{"self":[{"href":"https:\/\/www.areabesos.com\/diario\/wp-json\/wp\/v2\/posts\/5997","targetHints":{"allow":["GET"]}}],"collection":[{"href":"https:\/\/www.areabesos.com\/diario\/wp-json\/wp\/v2\/posts"}],"about":[{"href":"https:\/\/www.areabesos.com\/diario\/wp-json\/wp\/v2\/types\/post"}],"author":[{"embeddable":true,"href":"https:\/\/www.areabesos.com\/diario\/wp-json\/wp\/v2\/users\/2"}],"replies":[{"embeddable":true,"href":"https:\/\/www.areabesos.com\/diario\/wp-json\/wp\/v2\/comments?post=5997"}],"version-history":[{"count":1,"href":"https:\/\/www.areabesos.com\/diario\/wp-json\/wp\/v2\/posts\/5997\/revisions"}],"predecessor-version":[{"id":6000,"href":"https:\/\/www.areabesos.com\/diario\/wp-json\/wp\/v2\/posts\/5997\/revisions\/6000"}],"wp:featuredmedia":[{"embeddable":true,"href":"https:\/\/www.areabesos.com\/diario\/wp-json\/wp\/v2\/media\/5999"}],"wp:attachment":[{"href":"https:\/\/www.areabesos.com\/diario\/wp-json\/wp\/v2\/media?parent=5997"}],"wp:term":[{"taxonomy":"category","embeddable":true,"href":"https:\/\/www.areabesos.com\/diario\/wp-json\/wp\/v2\/categories?post=5997"},{"taxonomy":"post_tag","embeddable":true,"href":"https:\/\/www.areabesos.com\/diario\/wp-json\/wp\/v2\/tags?post=5997"}],"curies":[{"name":"wp","href":"https:\/\/api.w.org\/{rel}","templated":true}]}}