{"id":5993,"date":"2023-02-25T11:27:53","date_gmt":"2023-02-25T10:27:53","guid":{"rendered":"https:\/\/www.areabesos.com\/diario\/?p=5993"},"modified":"2023-03-01T11:30:23","modified_gmt":"2023-03-01T10:30:23","slug":"area-besos-314-febrer-2023","status":"publish","type":"post","link":"https:\/\/www.areabesos.com\/diario\/area-besos-314-febrer-2023\/","title":{"rendered":"\u00c0rea Bes\u00f2s 314 Febrer 2023"},"content":{"rendered":"\n<p>En el n\u00famero de febrer de l\u2019\u00c0rea Bes\u00f2s destaquem la programaci\u00f3 del 8 de mar\u00e7, Dia Internacional de les Dones, aix\u00ed com la coordinaci\u00f3 dels consistoris adrianenc i badalon\u00ed per evitar les ocupacions il\u00b7legals d&#8217;immobles ara que la llei ha canviat.<\/p>\n\n\n<a href=\"https:\/\/www.areabesos.com\/diario\/wp-content\/uploads\/2023\/03\/AB0314.pdf\" class=\"pdfemb-viewer\" style=\"\" data-width=\"max\" data-height=\"max\" data-toolbar=\"both\" data-toolbar-fixed=\"on\">AB0314<\/a>\n<p class=\"wp-block-pdfemb-pdf-embedder-viewer\"><\/p>\n","protected":false},"excerpt":{"rendered":"<p>En el n\u00famero de febrer de l\u2019\u00c0rea Bes\u00f2s destaquem la programaci\u00f3 del 8 de mar\u00e7, Dia Internacional de les Dones, aix\u00ed com la coordinaci\u00f3 dels consistoris adrianenc i badalon\u00ed per evitar les ocupacions il\u00b7legals d&#8217;immobles ara que la llei ha canviat.<\/p>\n","protected":false},"author":1,"featured_media":5995,"comment_status":"closed","ping_status":"open","sticky":false,"template":"","format":"standard","meta":{"footnotes":""},"categories":[141],"tags":[],"class_list":{"0":"post-5993","1":"post","2":"type-post","3":"status-publish","4":"format-standard","5":"has-post-thumbnail","7":"category-edicio-impresa"},"_links":{"self":[{"href":"https:\/\/www.areabesos.com\/diario\/wp-json\/wp\/v2\/posts\/5993","targetHints":{"allow":["GET"]}}],"collection":[{"href":"https:\/\/www.areabesos.com\/diario\/wp-json\/wp\/v2\/posts"}],"about":[{"href":"https:\/\/www.areabesos.com\/diario\/wp-json\/wp\/v2\/types\/post"}],"author":[{"embeddable":true,"href":"https:\/\/www.areabesos.com\/diario\/wp-json\/wp\/v2\/users\/1"}],"replies":[{"embeddable":true,"href":"https:\/\/www.areabesos.com\/diario\/wp-json\/wp\/v2\/comments?post=5993"}],"version-history":[{"count":1,"href":"https:\/\/www.areabesos.com\/diario\/wp-json\/wp\/v2\/posts\/5993\/revisions"}],"predecessor-version":[{"id":5996,"href":"https:\/\/www.areabesos.com\/diario\/wp-json\/wp\/v2\/posts\/5993\/revisions\/5996"}],"wp:featuredmedia":[{"embeddable":true,"href":"https:\/\/www.areabesos.com\/diario\/wp-json\/wp\/v2\/media\/5995"}],"wp:attachment":[{"href":"https:\/\/www.areabesos.com\/diario\/wp-json\/wp\/v2\/media?parent=5993"}],"wp:term":[{"taxonomy":"category","embeddable":true,"href":"https:\/\/www.areabesos.com\/diario\/wp-json\/wp\/v2\/categories?post=5993"},{"taxonomy":"post_tag","embeddable":true,"href":"https:\/\/www.areabesos.com\/diario\/wp-json\/wp\/v2\/tags?post=5993"}],"curies":[{"name":"wp","href":"https:\/\/api.w.org\/{rel}","templated":true}]}}