{"id":5989,"date":"2023-03-01T10:43:33","date_gmt":"2023-03-01T09:43:33","guid":{"rendered":"https:\/\/www.areabesos.com\/diario\/?p=5989"},"modified":"2023-03-01T10:43:33","modified_gmt":"2023-03-01T09:43:33","slug":"torna-la-programacio-mes-reivindicativa-pel-8-de-marc-dia-internacional-des-les-dones-a-sant-adria","status":"publish","type":"post","link":"https:\/\/www.areabesos.com\/diario\/torna-la-programacio-mes-reivindicativa-pel-8-de-marc-dia-internacional-des-les-dones-a-sant-adria\/","title":{"rendered":"Torna la programaci\u00f3 m\u00e9s reivindicativa pel 8 de mar\u00e7, Dia Internacional des les dones, a Sant Adri\u00e0"},"content":{"rendered":"\n<p>El 8 de mar\u00e7 Sant Adri\u00e0 se suma una vegada m\u00e9s a la celebraci\u00f3 del Dia Internacional de les Dones, enguany amb una frase de Rosa Luxemburg com a lema: Per un m\u00f3n on siguem socialment iguals, humanament diferents i totalment lliures.<br>Aquesta data t\u00e9 com a objectiu sensibilitzar la poblaci\u00f3 sobre les desigualtats de g\u00e8nere encara existents, reivindicar canvis m\u00e9s efectius i recon\u00e8ixer les aportacions de les dones d\u2019arreu del m\u00f3n en els diferents \u00e0mbits socials, culturals i econ\u00f2mics.<br>L\u2019edici\u00f3 d\u2019enguany inclou un ampli ventall d\u2019activitats l\u00fadiques, reivindicatives i culturals per a grans i petits que tenen com a tema central la igualtat de g\u00e8nere i els feminismes. Del programa destaca la rua reivindicativa del 8 de mar\u00e7 oberta a tothom que sortir\u00e0 de la pla\u00e7a de la Vila a les 11 hores.<br>Tamb\u00e9 cal destacar les exposicions seg\u00fcents: la primera, \u00abEn Escena. Mirades femenines sobre la representaci\u00f3 de les sexualitats a la cultura audiovisual\u201d que es podr\u00e0 visitar del 6 al 20 de mar\u00e7 a la Biblioteca de Sant Adri\u00e0, cedida per l\u2019Observatori de Dones als Mitjans de Comunicaci\u00f3, al qual est\u00e0 adherit la ciutat de Sant Adri\u00e0; la segona, \u201c1983-2023, del Casal de la Dona al CIOD. 40 anys de pol\u00edtiques d\u2019Igualtat a Sant Adri\u00e0\u201d, que s\u2019inaugurar\u00e0 el 13 de mar\u00e7 amb un espai de trobada de dones que han estat vinculades al Centre d\u2019Informaci\u00f3 i Orientaci\u00f3 de la Dona al llarg d\u2019aquests anys.<br>A continuaci\u00f3 podreu consultar la programaci\u00f3 sencera del 8 de mar\u00e7 a Sant Adri\u00e0 de Bes\u00f2s:<\/p>\n\n\n\n<div><a href=\"https:\/\/www.areabesos.com\/diario\/wp-content\/uploads\/2023\/03\/DiaDona23_programa-1024x756.jpg\" class=\"td-modal-image\"><figure class=\"wp-block-image size-large\"><img loading=\"lazy\" decoding=\"async\" width=\"1024\" height=\"756\" src=\"https:\/\/www.areabesos.com\/diario\/wp-content\/uploads\/2023\/03\/DiaDona23_programa-1024x756.jpg\" alt=\"\" class=\"wp-image-5990\" srcset=\"https:\/\/www.areabesos.com\/diario\/wp-content\/uploads\/2023\/03\/DiaDona23_programa-1024x756.jpg 1024w, https:\/\/www.areabesos.com\/diario\/wp-content\/uploads\/2023\/03\/DiaDona23_programa-300x222.jpg 300w, https:\/\/www.areabesos.com\/diario\/wp-content\/uploads\/2023\/03\/DiaDona23_programa-768x567.jpg 768w, https:\/\/www.areabesos.com\/diario\/wp-content\/uploads\/2023\/03\/DiaDona23_programa-150x111.jpg 150w, https:\/\/www.areabesos.com\/diario\/wp-content\/uploads\/2023\/03\/DiaDona23_programa-696x514.jpg 696w, https:\/\/www.areabesos.com\/diario\/wp-content\/uploads\/2023\/03\/DiaDona23_programa-1068x789.jpg 1068w, https:\/\/www.areabesos.com\/diario\/wp-content\/uploads\/2023\/03\/DiaDona23_programa.jpg 1200w\" sizes=\"auto, (max-width: 1024px) 100vw, 1024px\" \/><\/figure><\/a><\/div>\n","protected":false},"excerpt":{"rendered":"<p>El 8 de mar\u00e7 Sant Adri\u00e0 se suma una vegada m\u00e9s a la celebraci\u00f3 del Dia Internacional de les Dones, enguany amb una frase de Rosa Luxemburg com a lema: Per un m\u00f3n on siguem socialment iguals, humanament diferents i totalment lliures.Aquesta data t\u00e9 com a objectiu sensibilitzar la poblaci\u00f3 sobre les desigualtats de g\u00e8nere [&hellip;]<\/p>\n","protected":false},"author":1,"featured_media":5991,"comment_status":"closed","ping_status":"open","sticky":false,"template":"","format":"standard","meta":{"footnotes":""},"categories":[134,135],"tags":[],"class_list":{"0":"post-5989","1":"post","2":"type-post","3":"status-publish","4":"format-standard","5":"has-post-thumbnail","7":"category-actualitat","8":"category-societat"},"_links":{"self":[{"href":"https:\/\/www.areabesos.com\/diario\/wp-json\/wp\/v2\/posts\/5989","targetHints":{"allow":["GET"]}}],"collection":[{"href":"https:\/\/www.areabesos.com\/diario\/wp-json\/wp\/v2\/posts"}],"about":[{"href":"https:\/\/www.areabesos.com\/diario\/wp-json\/wp\/v2\/types\/post"}],"author":[{"embeddable":true,"href":"https:\/\/www.areabesos.com\/diario\/wp-json\/wp\/v2\/users\/1"}],"replies":[{"embeddable":true,"href":"https:\/\/www.areabesos.com\/diario\/wp-json\/wp\/v2\/comments?post=5989"}],"version-history":[{"count":1,"href":"https:\/\/www.areabesos.com\/diario\/wp-json\/wp\/v2\/posts\/5989\/revisions"}],"predecessor-version":[{"id":5992,"href":"https:\/\/www.areabesos.com\/diario\/wp-json\/wp\/v2\/posts\/5989\/revisions\/5992"}],"wp:featuredmedia":[{"embeddable":true,"href":"https:\/\/www.areabesos.com\/diario\/wp-json\/wp\/v2\/media\/5991"}],"wp:attachment":[{"href":"https:\/\/www.areabesos.com\/diario\/wp-json\/wp\/v2\/media?parent=5989"}],"wp:term":[{"taxonomy":"category","embeddable":true,"href":"https:\/\/www.areabesos.com\/diario\/wp-json\/wp\/v2\/categories?post=5989"},{"taxonomy":"post_tag","embeddable":true,"href":"https:\/\/www.areabesos.com\/diario\/wp-json\/wp\/v2\/tags?post=5989"}],"curies":[{"name":"wp","href":"https:\/\/api.w.org\/{rel}","templated":true}]}}