{"id":5980,"date":"2023-02-27T12:41:07","date_gmt":"2023-02-27T11:41:07","guid":{"rendered":"https:\/\/www.areabesos.com\/diario\/?p=5980"},"modified":"2023-02-27T12:41:08","modified_gmt":"2023-02-27T11:41:08","slug":"verguenza","status":"publish","type":"post","link":"https:\/\/www.areabesos.com\/diario\/verguenza\/","title":{"rendered":"Verg\u00fcenza"},"content":{"rendered":"\n<p>El fil\u00f3sofo Gilles Deleuze recordaba al escritor jud\u00edo Primo Levi cuando <a href=\"https:\/\/esquizoanalisis.com.ar\/y-que-es-resistir-crear-es-resistir-abecedario-resistencia\/\">hablaba de la necesidad vital que tenemos de sentir verg\u00fcenza para <\/a>resistirnos al horror de la estupidez humana.&nbsp;<\/p>\n\n\n\n<p><em>Las pol\u00edticas antimigratorias, el gasto armament\u00edstico, los modelos pesticidas de agricultura industrial, han declarado la guerra a los seres vivos, son contrarios a la evoluci\u00f3n de las especies. Pero nadie es una isla por si misma, somos una pieza m\u00e1s del continente, una parte del oc\u00e9ano. La <\/em>magia de la sincronicidad reside en el secreto de adivinar el futuro mirando las abejas, el comportamiento de los p\u00e1jaros y el movimiento de las nubes. Todo est\u00e1 conectado.<\/p>\n\n\n\n<p>En este planeta hay muchos conflictos armados (algunos aparcados, otros ignorados), muchos pa\u00edses implicados, muchos intereses econ\u00f3micos; parece como si alguien se aprovechara para exaltar sentimientos de odio y superioridad, como si quisieran sacar r\u00e9dito de los llantos, las explosiones, las injusticias, el dolor, el temor, la desesperanza, recogiendo balas, rencores, golpes y llantos de ancianas hu\u00e9rfanas, heridas grandes, bombardeos asesinos, inocencias acuchilladas, sangre de los mapas&#8230;<\/p>\n\n\n\n<p>Sin embargo, el \u00faltimo tab\u00fa que qued\u00f3 despu\u00e9s de la segunda guerra mundial es un episodio a\u00fan silenciado, posiblemente por su cercan\u00eda a nuestra realidad; parece que&nbsp; estamos cruzando el umbral.<\/p>\n\n\n\n<p>Hitler se suicid\u00f3 en el Berl\u00edn de 1945, pero su gesto, y el de su mujer, provocaron un efecto domin\u00f3 por lo que no fueron los \u00fanicos que decidieron acabar con sus vidas; aquello fue un hecho que se ha llegado a definir como una\u201cepidemia\u201d. Con la ca\u00edda del r\u00e9gimen nazi, miles de familias alemanas se ahorcaron, se envenenaron o ahogaron, arrastraron con ellas a bebes, peque\u00f1os, adolescentes, ancianas, miles de mujeres se quitaron la vida despu\u00e9s de ser violadas&#8230; Muchas de estas muertes fueron provocadas por el terror ante el avance de las tropas sovi\u00e9ticas, pero tambi\u00e9n por los sentimientos de culpa, aunque, como suele suceder, la explicaci\u00f3n no es tan sencilla. En \u201c<em>Prom\u00e9teme que te pegar\u00e1s un tiro\u201d<\/em>, Florian Huber intent\u00f3 explicar la psique de un pueblo que pas\u00f3 en pocos a\u00f1os de estar en la cima del mundo a lo m\u00e1s hondo del abismo.<\/p>\n\n\n\n<p>El patriotismo puede llegar a no ser el mejor compa\u00f1ero de viaje (valgan los \u00faltimos ejemplos televisivos, algo es algo). El nobel Albert Camus lleg\u00f3 a decir que quer\u00eda demasiado a su pa\u00eds <em>para ser nacionalista.<\/em><\/p>\n\n\n\n<p><span style=\"background-color:#0b0000\" class=\"td_text_highlight_marker\">Francesc Reina<\/span><\/p>\n","protected":false},"excerpt":{"rendered":"<p>El fil\u00f3sofo Gilles Deleuze recordaba al escritor jud\u00edo Primo Levi cuando hablaba de la necesidad vital que tenemos de sentir verg\u00fcenza para resistirnos al horror de la estupidez humana.&nbsp; Las pol\u00edticas antimigratorias, el gasto armament\u00edstico, los modelos pesticidas de agricultura industrial, han declarado la guerra a los seres vivos, son contrarios a la evoluci\u00f3n de [&hellip;]<\/p>\n","protected":false},"author":2,"featured_media":5981,"comment_status":"closed","ping_status":"open","sticky":false,"template":"","format":"standard","meta":{"footnotes":""},"categories":[139],"tags":[],"class_list":{"0":"post-5980","1":"post","2":"type-post","3":"status-publish","4":"format-standard","5":"has-post-thumbnail","7":"category-opinio"},"_links":{"self":[{"href":"https:\/\/www.areabesos.com\/diario\/wp-json\/wp\/v2\/posts\/5980","targetHints":{"allow":["GET"]}}],"collection":[{"href":"https:\/\/www.areabesos.com\/diario\/wp-json\/wp\/v2\/posts"}],"about":[{"href":"https:\/\/www.areabesos.com\/diario\/wp-json\/wp\/v2\/types\/post"}],"author":[{"embeddable":true,"href":"https:\/\/www.areabesos.com\/diario\/wp-json\/wp\/v2\/users\/2"}],"replies":[{"embeddable":true,"href":"https:\/\/www.areabesos.com\/diario\/wp-json\/wp\/v2\/comments?post=5980"}],"version-history":[{"count":1,"href":"https:\/\/www.areabesos.com\/diario\/wp-json\/wp\/v2\/posts\/5980\/revisions"}],"predecessor-version":[{"id":5982,"href":"https:\/\/www.areabesos.com\/diario\/wp-json\/wp\/v2\/posts\/5980\/revisions\/5982"}],"wp:featuredmedia":[{"embeddable":true,"href":"https:\/\/www.areabesos.com\/diario\/wp-json\/wp\/v2\/media\/5981"}],"wp:attachment":[{"href":"https:\/\/www.areabesos.com\/diario\/wp-json\/wp\/v2\/media?parent=5980"}],"wp:term":[{"taxonomy":"category","embeddable":true,"href":"https:\/\/www.areabesos.com\/diario\/wp-json\/wp\/v2\/categories?post=5980"},{"taxonomy":"post_tag","embeddable":true,"href":"https:\/\/www.areabesos.com\/diario\/wp-json\/wp\/v2\/tags?post=5980"}],"curies":[{"name":"wp","href":"https:\/\/api.w.org\/{rel}","templated":true}]}}