{"id":5978,"date":"2023-02-24T10:18:32","date_gmt":"2023-02-24T09:18:32","guid":{"rendered":"https:\/\/www.areabesos.com\/diario\/?p=5978"},"modified":"2023-02-24T10:18:32","modified_gmt":"2023-02-24T09:18:32","slug":"cs-sant-adria-de-besos-presenta-una-mocio-per-a-obligar-lajuntament-a-complir-amb-la-nova-llei-contra-les-ocupacions-i-inicii-lexpulsio-dels-ocupes-del-municipi","status":"publish","type":"post","link":"https:\/\/www.areabesos.com\/diario\/cs-sant-adria-de-besos-presenta-una-mocio-per-a-obligar-lajuntament-a-complir-amb-la-nova-llei-contra-les-ocupacions-i-inicii-lexpulsio-dels-ocupes-del-municipi\/","title":{"rendered":"<strong>CS Sant Adri\u00e0 de Besos presenta una moci\u00f3 per a obligar l&#8217;Ajuntament a complir amb la nova llei contra les ocupacions i inici\u00ef l&#8217;expulsi\u00f3 dels ocupes del municipi<\/strong>"},"content":{"rendered":"\n<p>L&#8217;alcaldable de Ciutadans (CS) a Sant Adri\u00e0 de Bes\u00f2s, Oscar Marjalizo ha anunciat la presentaci\u00f3 d&#8217;una moci\u00f3 per a obligar l&#8217;Ajuntament de la ciutat a desnonar els ocupes instal\u00b7lats en habitatges de la ciutat. <strong>\u201cEl govern municipal ja no t\u00e9 cap excusa despr\u00e9s que el Parlament hagi aprovat una llei contra les ocupacions que generen problemes de conviv\u00e8ncia en les comunitats de ve\u00efns i, per tant, exigim que el primer dia que entri en vigor inici\u00efn els tr\u00e0mits per a desocupar els habitatges del municipi que tants problemes estan generat i porten tants maldecaps als ve\u00efns\u201d,<\/strong> ha manifestat Marjalizo. Per al regidor liberal, la moci\u00f3 \u00e9s necess\u00e0ria \u201cperqu\u00e8 coneixem el tarann\u00e0 del govern municipal, que \u00e9s no fer res i esperar que els problemes es resolguin sols, o en el cas de la nostra ciutat on moltes ocupacions s\u00b4han evitat graci\u00e9s a les actuacions dels propis ve\u00efns dels edificis afectats\u201d.<\/p>\n\n\n\n<p>Marjalizo ha indicat que amb la moci\u00f3 pret\u00e9n que el govern adquireixi el comprom\u00eds per a iniciar els desnonaments dels ocupes conflictius. \u201cHi ha marge per a actuar immediatament perqu\u00e8 <strong>la llei el que reclama \u00e9s que s&#8217;aportin actes policials, queixes i den\u00fancies dels ve\u00efns del bloc amb ocupes i d&#8217;aix\u00f2 anem sobrats a Sant Adri\u00e0\u201d, <\/strong>ha indicat l&#8217;edil. A m\u00e9s, tamb\u00e9 <strong>ha instat els ve\u00efns a exigir a l&#8217;Ajuntament que actu\u00ef en els casos d&#8217;ocupacions en els seus edificis.<\/strong><\/p>\n\n\n\n<p>La llei aprovada en el Parlament posa especial \u00e8mfasi en els grans tenidors, especialment els blocs d\u2019habitatges propietat d&#8217;entitats banc\u00e0ries. \u201cAquesta llei no \u00e9s una panacea, podria ser molt millor, per\u00f2 no volem perdre cap oportunitat per a comen\u00e7ar a rebaixar el volum d&#8217;ocupacions a Sant Adri\u00e0\u201d, ha insistit Marjalizo. El portaveu dels liberals, reclama \u201cvoluntat i agilitat\u201d en el combat contra aquest fenomen perqu\u00e8 <strong>\u201chem vist com sovint alguns aprofiten l&#8217;ocupaci\u00f3 d&#8217;habitatges per a activitats delictives lligades al tr\u00e0fic de drogues, el frau en el subministrament el\u00e8ctric i la conseg\u00fcent problem\u00e0tica de conviv\u00e8ncia i civisme amb la resta de ve\u00efns, i aix\u00f2 s&#8217;ha d&#8217;acabar\u201d.<\/strong><\/p>\n","protected":false},"excerpt":{"rendered":"<p>L&#8217;alcaldable de Ciutadans (CS) a Sant Adri\u00e0 de Bes\u00f2s, Oscar Marjalizo ha anunciat la presentaci\u00f3 d&#8217;una moci\u00f3 per a obligar l&#8217;Ajuntament de la ciutat a desnonar els ocupes instal\u00b7lats en habitatges de la ciutat. \u201cEl govern municipal ja no t\u00e9 cap excusa despr\u00e9s que el Parlament hagi aprovat una llei contra les ocupacions que generen [&hellip;]<\/p>\n","protected":false},"author":2,"featured_media":5787,"comment_status":"closed","ping_status":"open","sticky":false,"template":"","format":"standard","meta":{"footnotes":""},"categories":[134],"tags":[],"class_list":{"0":"post-5978","1":"post","2":"type-post","3":"status-publish","4":"format-standard","5":"has-post-thumbnail","7":"category-actualitat"},"_links":{"self":[{"href":"https:\/\/www.areabesos.com\/diario\/wp-json\/wp\/v2\/posts\/5978","targetHints":{"allow":["GET"]}}],"collection":[{"href":"https:\/\/www.areabesos.com\/diario\/wp-json\/wp\/v2\/posts"}],"about":[{"href":"https:\/\/www.areabesos.com\/diario\/wp-json\/wp\/v2\/types\/post"}],"author":[{"embeddable":true,"href":"https:\/\/www.areabesos.com\/diario\/wp-json\/wp\/v2\/users\/2"}],"replies":[{"embeddable":true,"href":"https:\/\/www.areabesos.com\/diario\/wp-json\/wp\/v2\/comments?post=5978"}],"version-history":[{"count":1,"href":"https:\/\/www.areabesos.com\/diario\/wp-json\/wp\/v2\/posts\/5978\/revisions"}],"predecessor-version":[{"id":5979,"href":"https:\/\/www.areabesos.com\/diario\/wp-json\/wp\/v2\/posts\/5978\/revisions\/5979"}],"wp:featuredmedia":[{"embeddable":true,"href":"https:\/\/www.areabesos.com\/diario\/wp-json\/wp\/v2\/media\/5787"}],"wp:attachment":[{"href":"https:\/\/www.areabesos.com\/diario\/wp-json\/wp\/v2\/media?parent=5978"}],"wp:term":[{"taxonomy":"category","embeddable":true,"href":"https:\/\/www.areabesos.com\/diario\/wp-json\/wp\/v2\/categories?post=5978"},{"taxonomy":"post_tag","embeddable":true,"href":"https:\/\/www.areabesos.com\/diario\/wp-json\/wp\/v2\/tags?post=5978"}],"curies":[{"name":"wp","href":"https:\/\/api.w.org\/{rel}","templated":true}]}}