{"id":5975,"date":"2023-02-22T13:23:42","date_gmt":"2023-02-22T12:23:42","guid":{"rendered":"https:\/\/www.areabesos.com\/diario\/?p=5975"},"modified":"2023-02-22T13:23:42","modified_gmt":"2023-02-22T12:23:42","slug":"lies-manuel-vazquez-montalban-de-sant-adria-de-besos-visita-les-instal%c2%b7lacions-de-barcelona-cable-landing-station","status":"publish","type":"post","link":"https:\/\/www.areabesos.com\/diario\/lies-manuel-vazquez-montalban-de-sant-adria-de-besos-visita-les-instal%c2%b7lacions-de-barcelona-cable-landing-station\/","title":{"rendered":"L&#8217;IES Manuel V\u00e1zquez Montalb\u00e1n de Sant Adri\u00e0 de Bes\u00f2s visita les instal\u00b7lacions de Barcelona Cable Landing Station\u00a0"},"content":{"rendered":"\n<p>Barcelona Cable Landing Station (CLS), l\u2019estaci\u00f3 d\u2019aterratge internacional per cables submarins de fibra \u00f2ptica, propietat &nbsp;&nbsp;&nbsp;&nbsp;&nbsp;d\u2019AFR-IX telecom, ha rebut la visita d\u2019uns ve\u00efns molt especials: els <strong>alumnes de cicles formatius d\u2019inform\u00e0tica<\/strong> <strong>de l\u2019IES Manuel V\u00e1zquez Montalb\u00e1n de Sant Adri\u00e0 de Bes\u00f2s<\/strong>, un centre educatiu a pocs carrers de l\u2019estaci\u00f3 d\u2019aterratge, on s\u2019imparteixen les titulacions de Sistemes Microinform\u00e0tics i Xarxes, Desenvolupament d&#8217;Aplicacions Web i Administraci\u00f3 de Sistemes Inform\u00e0tics en la Xarxa.<\/p>\n\n\n\n<p><strong>En dues sessions, 14 i 21 de febrer, prop de 100 alumnes han fet una visita guiada per les instal\u00b7lacions de Barcelona CLS<\/strong> i han pogut aprendre nocions sobre la import\u00e0ncia dels cables submarins per la connectivitat global <strong>(el 98% d\u2019Internet es sost\u00e9 per les xarxes de cables de fibra \u00f2ptica submarina<\/strong>) i les funcions que desenvolupa una estaci\u00f3 d\u2019aterratge per monitoritzar el funcionament dels cables.<\/p>\n\n\n\n<p>Al llarg de la visita, els alumnes han conegut de prop quins treballs es desenvolupen a la Barcelona CLS i <strong>quins perfils professionals hi intervenen<\/strong>. En aquest sentit, han pogut identificar <strong>tasques espec\u00edfiques<\/strong> de perfil t\u00e8cnic on podrien intervenir amb les titulacions que actualment estan cursant a l&#8217;IES.<\/p>\n\n\n\n<p>Barcelona CLS i tot l\u2019ecosistema digital que se\u2019n deriva, representa un futur prometedor per ells, tal com apuntava <strong>Ernest Ortego, alumne de l\u2019IES Manuel V\u00e1zquez Montalb\u00e1n<\/strong>: \u201d<em>M\u2019ha semblat una visita molt interessant, ens han parlat del futur que hi ha al sector i moltes coses t\u00e8cniques que nosaltres ja estem estudiant que ens serviran a l\u2019hora de treballar. Jo, que soc ve\u00ed de tota la vida de Sant Adri\u00e0, no sabia que hi havia aquesta estaci\u00f3 de cables submarins aqu\u00ed al costat i he quedat molt sorpr\u00e8s. I encara m\u00e9s quan he sabut que \u00e9s una de les poques aqu\u00ed a Espanya <\/em>\u201d.<\/p>\n\n\n\n<p>Per la seva banda, <strong>Marta Mu\u00f1oz<\/strong>, <strong>professora del Cicle Formatiu de Grau Mitj\u00e0 en Sistemes Microinform\u00e0tics i Xarxes<\/strong>, valorava molt positivament la visita a l\u2019estaci\u00f3 d\u2019aterratge: <em>\u201cLa visita ha servit per a moltes coses. En primer lloc, per adonar-nos que estem a tres carrers d\u2019aquesta gran empresa i ells no la coneixien i, en segon lloc, per veure, con\u00e8ixer i gaireb\u00e9 tocar tota la part de les xarxes. Innovaci\u00f3, tecnologia, proximitat&#8230; els ha aportat de tot\u201d.<\/em><\/p>\n\n\n\n<p>L\u2019arribada de Barcelona CLS \u00e9s un impuls innegable per l\u2019economia de Catalunya i molt significativament per Sant Adri\u00e0 de Bes\u00f2s, que passar\u00e0 p\u00e0gina al seu passat industrial per situar-se al capdavant de la revoluci\u00f3 digital. Aquestes visites divulgatives per estudiants s\u00f3n una mostra del comprom\u00eds de Barcelona CLS amb Sant Adri\u00e0 de Bes\u00f2s i la seva voluntat de promoure el talent local, tal com apunta <strong>Rom\u00e0 Andreu, CCO&nbsp; (Chief Commercial Officer) d\u2019AFR-IX telecom<\/strong>, qui ha acompanyat als alumnes en les visites: \u201cA Barcelona CLS hi ha col\u00b7laboradors de diferents pa\u00efsos, majorit\u00e0riament de perfil tecnol\u00f2gic. Volem promoure i atraure el talent local, ja que aquest ser\u00e0 clau en els propers anys en el nostre territori per totes les oportunitats que sorgiran en el sector al voltant dels cables que arribin, els data centers que s\u2019estan planificant i altres projectes al voltant de les noves tecnologies\u201d.<\/p>\n","protected":false},"excerpt":{"rendered":"<p>Barcelona Cable Landing Station (CLS), l\u2019estaci\u00f3 d\u2019aterratge internacional per cables submarins de fibra \u00f2ptica, propietat &nbsp;&nbsp;&nbsp;&nbsp;&nbsp;d\u2019AFR-IX telecom, ha rebut la visita d\u2019uns ve\u00efns molt especials: els alumnes de cicles formatius d\u2019inform\u00e0tica de l\u2019IES Manuel V\u00e1zquez Montalb\u00e1n de Sant Adri\u00e0 de Bes\u00f2s, un centre educatiu a pocs carrers de l\u2019estaci\u00f3 d\u2019aterratge, on s\u2019imparteixen les titulacions de [&hellip;]<\/p>\n","protected":false},"author":2,"featured_media":5976,"comment_status":"closed","ping_status":"open","sticky":false,"template":"","format":"standard","meta":{"footnotes":""},"categories":[134],"tags":[],"class_list":{"0":"post-5975","1":"post","2":"type-post","3":"status-publish","4":"format-standard","5":"has-post-thumbnail","7":"category-actualitat"},"_links":{"self":[{"href":"https:\/\/www.areabesos.com\/diario\/wp-json\/wp\/v2\/posts\/5975","targetHints":{"allow":["GET"]}}],"collection":[{"href":"https:\/\/www.areabesos.com\/diario\/wp-json\/wp\/v2\/posts"}],"about":[{"href":"https:\/\/www.areabesos.com\/diario\/wp-json\/wp\/v2\/types\/post"}],"author":[{"embeddable":true,"href":"https:\/\/www.areabesos.com\/diario\/wp-json\/wp\/v2\/users\/2"}],"replies":[{"embeddable":true,"href":"https:\/\/www.areabesos.com\/diario\/wp-json\/wp\/v2\/comments?post=5975"}],"version-history":[{"count":1,"href":"https:\/\/www.areabesos.com\/diario\/wp-json\/wp\/v2\/posts\/5975\/revisions"}],"predecessor-version":[{"id":5977,"href":"https:\/\/www.areabesos.com\/diario\/wp-json\/wp\/v2\/posts\/5975\/revisions\/5977"}],"wp:featuredmedia":[{"embeddable":true,"href":"https:\/\/www.areabesos.com\/diario\/wp-json\/wp\/v2\/media\/5976"}],"wp:attachment":[{"href":"https:\/\/www.areabesos.com\/diario\/wp-json\/wp\/v2\/media?parent=5975"}],"wp:term":[{"taxonomy":"category","embeddable":true,"href":"https:\/\/www.areabesos.com\/diario\/wp-json\/wp\/v2\/categories?post=5975"},{"taxonomy":"post_tag","embeddable":true,"href":"https:\/\/www.areabesos.com\/diario\/wp-json\/wp\/v2\/tags?post=5975"}],"curies":[{"name":"wp","href":"https:\/\/api.w.org\/{rel}","templated":true}]}}