{"id":5973,"date":"2023-02-22T13:13:24","date_gmt":"2023-02-22T12:13:24","guid":{"rendered":"https:\/\/www.areabesos.com\/diario\/?p=5973"},"modified":"2023-02-22T13:13:24","modified_gmt":"2023-02-22T12:13:24","slug":"pederastas-eclesiasticos-e-impunidad-en-el-reino-de-espana","status":"publish","type":"post","link":"https:\/\/www.areabesos.com\/diario\/pederastas-eclesiasticos-e-impunidad-en-el-reino-de-espana\/","title":{"rendered":"<strong>Pederastas eclesi\u00e1sticos e impunidad en el Reino de Espa\u00f1a<\/strong>"},"content":{"rendered":"\n<p>Lo de la pederastia en la Iglesia Cat\u00f3lica no ha hecho m\u00e1s que empezar, por lo que toda cifra es provisional. Adem\u00e1s, el n\u00famero total de delitos que se podr\u00e1n conocer ser\u00e1 m\u00ednimo en comparaci\u00f3n con los que se cometieron, pues a las v\u00edctimas que habr\u00e1n fallecido se sumar\u00e1n las que no jam\u00e1s denunciar\u00e1n. &nbsp;&nbsp;<\/p>\n\n\n\n<p>Francia: \u201c<em>Al menos 216.000 casos de pederastia en la Iglesia francesa, seg\u00fan una comisi\u00f3n independiente. Dos a\u00f1os y medio de investigaciones dan lugar a medio centenar de propuestas, entre ellas reformar el secreto de confesi\u00f3n<\/em>\u201d. El Pa\u00eds, 05\/10\/2021.<\/p>\n\n\n\n<p>Portugal: \u201c<em>El informe de los abusos sexuales en la Iglesia portuguesa: al menos 4.815 v\u00edctimas desde 1950<\/em>\u201d. El Pa\u00eds, 13\/02\/2023.<\/p>\n\n\n\n<p>Espa\u00f1a: \u201c<em>La auditor\u00eda de los abusos en la Iglesia espa\u00f1ola suma ya 4.000 v\u00edctimas pese a las trabas de varios obispos<\/em>\u201d. El Diario. 16\/02\/2023.<\/p>\n\n\n\n<p>Teniendo en cuenta que las investigaciones avanzan a ritmos dispares es in\u00fatil cruzar esos casos de pederastia en cada pa\u00eds con sus poblaciones respectivas: los sacerdotes franceses y portugueses parecer\u00edan 38 y 5,5 veces m\u00e1s pederastas que los espa\u00f1oles, algo fuera de lugar.<\/p>\n\n\n\n<p>En cambio, para lo que s\u00ed sirve el cruce de casos de pederastia con el de habitantes es para constatar que \u201clas trabas de varios obispos\u201d son la causa de que en el Reino de Espa\u00f1a avance con exagerada lentitud una investigaci\u00f3n que es similar a las realizadas en las rep\u00fablicas portuguesa y francesa.<\/p>\n\n\n\n<p>Esta lentitud espa\u00f1ola en la investigaci\u00f3n de los pederastas que han abusado investidos de la autoridad eclesi\u00e1stica multiplica una impunidad que es muy elevada en esta clase de delitos, sea cual sea su entorno.<\/p>\n\n\n\n<p>En mi opini\u00f3n, el problema del Reino de Espa\u00f1a es que la impunidad es el resultado de una historia en la que durante muchas generaciones han predominado los periodos de crueldad de las \u00e9lites contra los de abajo.<\/p>\n\n\n\n<p>Por ejemplo, si se hiciera una encuesta a todas las personas mayores de edad, la inmensa mayor\u00eda responder\u00eda que los golpistas de 1936 cometieron delito, pues no hay ninguna legislaci\u00f3n en el mundo que considere legal tal grado de violencia como soluci\u00f3n para cambiar el rumbo de una sociedad.<\/p>\n\n\n\n<p>En cambio, nunca pagaron por sus cr\u00edmenes ni aquellos militares, ni los grupos de falangistas que sacaban a sus vecinos para fusilarlos sin juicio en cualquier descampado, ni tampoco los que aprovecharon la postguerra para adue\u00f1arse de bienes que pertenec\u00edan a republicanos. Y, para confirmar la impunidad absoluta de tanto criminal en el bando de los vencedores, la Ley de Amnist\u00eda aprobada durante la Transici\u00f3n meti\u00f3 a los culpables en el mismo saco de unas v\u00edctimas que durante la dictadura fueron condenados por reclamar democracia.<\/p>\n\n\n\n<p>Si en la misma encuesta se preguntara si creen que en Espa\u00f1a han pagado por sus delitos todos los pol\u00edticos que se han corrompido y enriquecido gracias a los cargos que desempe\u00f1aban, la mayor\u00eda, a\u00fan sin llevar la cuenta, dir\u00eda que no, que hay muchos que se han librado, a pesar de los casos tan relevantes que han aflorado en los \u00faltimos a\u00f1os.<\/p>\n\n\n\n<p>Y si en la misma encuesta se preguntara si est\u00e1n de acuerdo con que el jefe del Estado pueda cometer cualquier delito sin rendir cuentas ante la Justicia, es probable que el porcentaje de respuestas negativas y escandalizadas por una pregunta tan ofensiva se acercara al 100%.<\/p>\n\n\n\n<p>En cambio, la sociedad espa\u00f1ola ha contemplado, sin reaccionar, como el fiscal anticorrupci\u00f3n archivaba en marzo pasado la investigaci\u00f3n iniciada por delitos de Juan Carlos I con el argumento de que la \u201cinviolabilidad\u201d de que disfrutaba impide que sea sometido a juicio, fueras cuales fueran los delitos que cometi\u00f3 durante su reinado.<\/p>\n\n\n\n<p>Y en cambio tambi\u00e9n, el ex presidente franc\u00e9s Sarkozy ha sido condenado a tres a\u00f1os de c\u00e1rcel por financiaci\u00f3n ilegal de una campa\u00f1a electoral.<\/p>\n\n\n\n<p>En el Reino de Espa\u00f1a, cada persona de abajo puede opinar lo correcto, pero, ante la impunidad que prevalece, acepta las decisiones de los que mandan para evitar un mal mayor que siempre terminan pagando los mismos. \u00a0<\/p>\n\n\n\n<p><span style=\"background-color:#110101\" class=\"td_text_highlight_marker\">Domingo Sanz<\/span><\/p>\n","protected":false},"excerpt":{"rendered":"<p>Lo de la pederastia en la Iglesia Cat\u00f3lica no ha hecho m\u00e1s que empezar, por lo que toda cifra es provisional. Adem\u00e1s, el n\u00famero total de delitos que se podr\u00e1n conocer ser\u00e1 m\u00ednimo en comparaci\u00f3n con los que se cometieron, pues a las v\u00edctimas que habr\u00e1n fallecido se sumar\u00e1n las que no jam\u00e1s denunciar\u00e1n. &nbsp;&nbsp; [&hellip;]<\/p>\n","protected":false},"author":2,"featured_media":4772,"comment_status":"closed","ping_status":"open","sticky":false,"template":"","format":"standard","meta":{"footnotes":""},"categories":[139],"tags":[],"class_list":{"0":"post-5973","1":"post","2":"type-post","3":"status-publish","4":"format-standard","5":"has-post-thumbnail","7":"category-opinio"},"_links":{"self":[{"href":"https:\/\/www.areabesos.com\/diario\/wp-json\/wp\/v2\/posts\/5973","targetHints":{"allow":["GET"]}}],"collection":[{"href":"https:\/\/www.areabesos.com\/diario\/wp-json\/wp\/v2\/posts"}],"about":[{"href":"https:\/\/www.areabesos.com\/diario\/wp-json\/wp\/v2\/types\/post"}],"author":[{"embeddable":true,"href":"https:\/\/www.areabesos.com\/diario\/wp-json\/wp\/v2\/users\/2"}],"replies":[{"embeddable":true,"href":"https:\/\/www.areabesos.com\/diario\/wp-json\/wp\/v2\/comments?post=5973"}],"version-history":[{"count":1,"href":"https:\/\/www.areabesos.com\/diario\/wp-json\/wp\/v2\/posts\/5973\/revisions"}],"predecessor-version":[{"id":5974,"href":"https:\/\/www.areabesos.com\/diario\/wp-json\/wp\/v2\/posts\/5973\/revisions\/5974"}],"wp:featuredmedia":[{"embeddable":true,"href":"https:\/\/www.areabesos.com\/diario\/wp-json\/wp\/v2\/media\/4772"}],"wp:attachment":[{"href":"https:\/\/www.areabesos.com\/diario\/wp-json\/wp\/v2\/media?parent=5973"}],"wp:term":[{"taxonomy":"category","embeddable":true,"href":"https:\/\/www.areabesos.com\/diario\/wp-json\/wp\/v2\/categories?post=5973"},{"taxonomy":"post_tag","embeddable":true,"href":"https:\/\/www.areabesos.com\/diario\/wp-json\/wp\/v2\/tags?post=5973"}],"curies":[{"name":"wp","href":"https:\/\/api.w.org\/{rel}","templated":true}]}}