{"id":5969,"date":"2023-02-21T10:31:58","date_gmt":"2023-02-21T09:31:58","guid":{"rendered":"https:\/\/www.areabesos.com\/diario\/?p=5969"},"modified":"2023-02-22T10:34:55","modified_gmt":"2023-02-22T09:34:55","slug":"badalona-i-sant-adria-de-besos-es-coordinen-per-actuar-davant-les-ocupacions-il%c2%b7legals","status":"publish","type":"post","link":"https:\/\/www.areabesos.com\/diario\/badalona-i-sant-adria-de-besos-es-coordinen-per-actuar-davant-les-ocupacions-il%c2%b7legals\/","title":{"rendered":"Badalona i Sant Adri\u00e0 de Bes\u00f2s es coordinen per actuar davant les ocupacions il\u00b7legals\u00a0"},"content":{"rendered":"\n<p>Avui ha tingut lloc una reuni\u00f3 entre una representaci\u00f3 de l\u2019Ajuntament de Badalona, encap\u00e7alada per l\u2019alcalde Rub\u00e9n Guijarro, i de l\u2019Ajuntament de Sant Adri\u00e0 de Bes\u00f2s, amb l\u2019alcaldessa Filo Ca\u00f1ete, per valorar les noves eines que tenen els municipis amb l\u2019entrada en vigor de la Llei 1\/2023 per a l&#8217;adopci\u00f3 de mesures urgents davant les ocupacions il\u00b7legals. A la reuni\u00f3 de treball tamb\u00e9 han participat t\u00e8cnics d\u2019ambd\u00f3s consistoris, aix\u00ed com comandaments de les policies locals i dels Mossos d\u2019Esquadra.&nbsp;<\/p>\n\n\n\n<p>El passat 17 de febrer el Diari Oficial de la Generalitat de Catalunya (DOGC) publicava la Llei 1\/2023, del 15 de febrer, de modificaci\u00f3 de la Llei 18\/2007, del dret a l&#8217;habitatge, i del llibre cinqu\u00e8 del Codi Civil de Catalunya, relatiu als drets reals, amb relaci\u00f3 a l&#8217;adopci\u00f3 de mesures urgents per a afrontar la inactivitat dels propietaris en els casos d&#8217;ocupaci\u00f3 il\u00b7legal d&#8217;habitatges amb alteraci\u00f3 de la conviv\u00e8ncia ve\u00efnal. D\u2019aquesta manera els ajuntaments poden requerir als grans tenidors de pisos que en el termini de trenta dies desallotgin pisos ocupats on es duguin a terme activitats contr\u00e0ries a la \u00abconviv\u00e8ncia normal de la comunitat\u00bb, \u00abde l&#8217;ordre p\u00fablic\u00bb o que posin \u00aben perill la seguretat o la integritat de l&#8217;immoble\u00bb.\u00a0<\/p>\n\n\n\n<div><a href=\"https:\/\/www.areabesos.com\/diario\/wp-content\/uploads\/2023\/02\/ocupacions-ilegals-2-1024x768.jpg\" class=\"td-modal-image\"><figure class=\"wp-block-image size-large\"><img loading=\"lazy\" decoding=\"async\" width=\"1024\" height=\"768\" src=\"https:\/\/www.areabesos.com\/diario\/wp-content\/uploads\/2023\/02\/ocupacions-ilegals-2-1024x768.jpg\" alt=\"\" class=\"wp-image-5970\" srcset=\"https:\/\/www.areabesos.com\/diario\/wp-content\/uploads\/2023\/02\/ocupacions-ilegals-2-1024x768.jpg 1024w, https:\/\/www.areabesos.com\/diario\/wp-content\/uploads\/2023\/02\/ocupacions-ilegals-2-300x225.jpg 300w, https:\/\/www.areabesos.com\/diario\/wp-content\/uploads\/2023\/02\/ocupacions-ilegals-2-768x576.jpg 768w, https:\/\/www.areabesos.com\/diario\/wp-content\/uploads\/2023\/02\/ocupacions-ilegals-2-150x113.jpg 150w, https:\/\/www.areabesos.com\/diario\/wp-content\/uploads\/2023\/02\/ocupacions-ilegals-2-696x522.jpg 696w, https:\/\/www.areabesos.com\/diario\/wp-content\/uploads\/2023\/02\/ocupacions-ilegals-2-1068x801.jpg 1068w, https:\/\/www.areabesos.com\/diario\/wp-content\/uploads\/2023\/02\/ocupacions-ilegals-2.jpg 1200w\" sizes=\"auto, (max-width: 1024px) 100vw, 1024px\" \/><figcaption class=\"wp-element-caption\">L&#8217;alcaldessa de Sant Adri\u00e0, Filo Ca\u00f1ete, i l&#8217;alcalde de Badalona, Rub\u00e9n Guijarro.<\/figcaption><\/figure><\/a><\/div>\n\n\n\n<p>L\u2019alcalde de Badalona, Rub\u00e9n Guijarro, ha destacat que aquestes reunions de treball: \u201cs\u00f3n molt profitoses per establir de manera coordinada els protocols d\u2019actuaci\u00f3 que portarem a terme des del primer dia des dels municipis i amb els cossos policials per combatre les ocupacions que generen greus problemes de conviv\u00e8ncia amb el ve\u00efnat\u201d. L\u2019alcalde ha afegit que el Govern municipal s\u2019ha pres des del primer moment molt seriosament aquest problema i ha recordat que \u201csegons les dades del Departament d\u2019Interior, l\u2019any 2021 Badalona va ser la segona ciutat de Catalunya amb m\u00e9s ocupacions, amb m\u00e9s de 570 den\u00fancies, per aix\u00f2 hem creat la unitat Domus de Gu\u00e0rdia Urbana i treballem per aprofitar les compet\u00e8ncies i eines que la Llei ens atorga als ajuntaments\u201d. Per a l\u2019alcalde aquesta Llei: \u201c\u00e9s una eina m\u00e9s per millorar la conviv\u00e8ncia i la vida dels ve\u00efns i les ve\u00efnes perqu\u00e8 ens permet actuar des dels ajuntaments amb molta m\u00e9s celeritat davant la inanici\u00f3 davant d\u2019ocupacions conflictives per part de molts de grans tenidors d\u2019immobles\u201d.&nbsp;<\/p>\n\n\n\n<p>Tots dos municipis mantindran reunions peri\u00f2diques de coordinaci\u00f3.&nbsp;<\/p>\n","protected":false},"excerpt":{"rendered":"<p>Avui ha tingut lloc una reuni\u00f3 entre una representaci\u00f3 de l\u2019Ajuntament de Badalona, encap\u00e7alada per l\u2019alcalde Rub\u00e9n Guijarro, i de l\u2019Ajuntament de Sant Adri\u00e0 de Bes\u00f2s, amb l\u2019alcaldessa Filo Ca\u00f1ete, per valorar les noves eines que tenen els municipis amb l\u2019entrada en vigor de la Llei 1\/2023 per a l&#8217;adopci\u00f3 de mesures urgents davant les [&hellip;]<\/p>\n","protected":false},"author":2,"featured_media":5971,"comment_status":"closed","ping_status":"open","sticky":false,"template":"","format":"standard","meta":{"footnotes":""},"categories":[134],"tags":[],"class_list":{"0":"post-5969","1":"post","2":"type-post","3":"status-publish","4":"format-standard","5":"has-post-thumbnail","7":"category-actualitat"},"_links":{"self":[{"href":"https:\/\/www.areabesos.com\/diario\/wp-json\/wp\/v2\/posts\/5969","targetHints":{"allow":["GET"]}}],"collection":[{"href":"https:\/\/www.areabesos.com\/diario\/wp-json\/wp\/v2\/posts"}],"about":[{"href":"https:\/\/www.areabesos.com\/diario\/wp-json\/wp\/v2\/types\/post"}],"author":[{"embeddable":true,"href":"https:\/\/www.areabesos.com\/diario\/wp-json\/wp\/v2\/users\/2"}],"replies":[{"embeddable":true,"href":"https:\/\/www.areabesos.com\/diario\/wp-json\/wp\/v2\/comments?post=5969"}],"version-history":[{"count":1,"href":"https:\/\/www.areabesos.com\/diario\/wp-json\/wp\/v2\/posts\/5969\/revisions"}],"predecessor-version":[{"id":5972,"href":"https:\/\/www.areabesos.com\/diario\/wp-json\/wp\/v2\/posts\/5969\/revisions\/5972"}],"wp:featuredmedia":[{"embeddable":true,"href":"https:\/\/www.areabesos.com\/diario\/wp-json\/wp\/v2\/media\/5971"}],"wp:attachment":[{"href":"https:\/\/www.areabesos.com\/diario\/wp-json\/wp\/v2\/media?parent=5969"}],"wp:term":[{"taxonomy":"category","embeddable":true,"href":"https:\/\/www.areabesos.com\/diario\/wp-json\/wp\/v2\/categories?post=5969"},{"taxonomy":"post_tag","embeddable":true,"href":"https:\/\/www.areabesos.com\/diario\/wp-json\/wp\/v2\/tags?post=5969"}],"curies":[{"name":"wp","href":"https:\/\/api.w.org\/{rel}","templated":true}]}}