{"id":5959,"date":"2023-02-16T11:51:23","date_gmt":"2023-02-16T10:51:23","guid":{"rendered":"https:\/\/www.areabesos.com\/diario\/?p=5959"},"modified":"2023-02-16T11:51:24","modified_gmt":"2023-02-16T10:51:24","slug":"sessions-participatives-per-dissenyar-el-pla-de-salut-de-la-ciutat","status":"publish","type":"post","link":"https:\/\/www.areabesos.com\/diario\/sessions-participatives-per-dissenyar-el-pla-de-salut-de-la-ciutat\/","title":{"rendered":"Sessions participatives per dissenyar el Pla de Salut de la ciutat"},"content":{"rendered":"\n<p>L&#8217;Ajuntament, conjuntament amb els Equips d&#8217;Atenci\u00f3 Prim\u00e0ria del CAP Dr. Barraquer i del CAP La Mina i l&#8217;Ag\u00e8ncia de Salut P\u00fablica de Catalunya, est\u00e0 elaborant des de fa un temps el Pla de Salut de Sant Adri\u00e0 2023-2027, una eina de planificaci\u00f3 que t\u00e9 com a objectiu millorar la salut i el benestar de la ciutadania del municipi.<\/p>\n\n\n\n<p>Al juny del 2022 es va presentar la diagnosi del Pla, un document que identifica les principals l\u00ednies d&#8217;actuaci\u00f3 en mat\u00e8ria de salut:&nbsp;<strong>h\u00e0bits de salut, salut mental, alimentaci\u00f3, xarxa relacional i entorn i salubritat.<\/strong><\/p>\n\n\n\n<p>El pas&nbsp;seg\u00fcent&nbsp;\u00e9s definir els objectius estrat\u00e8gics que cal assolir per a cada una d&#8217;elles, els objectius operacionals i les accions que s&#8217;han de dur a terme durant el per\u00edode 2023-2027. Per fer-ho \u00e9s fonamental la participaci\u00f3 ciutadana i per aix\u00f2 s&#8217;organitzaran dues sessions de World Caf\u00e8, on els ciutadans i ciutadanes podran debatre i fer les seves aportacions a les l\u00ednies de treball identificades en el document de diagnosi.<\/p>\n\n\n\n<p>Les sessions tindran lloc la setmana vinent i ja us hi podeu apuntar:<\/p>\n\n\n\n<ul class=\"wp-block-list\">\n<li><strong>World Caf\u00e8 CAP La Mina \u2013 Dimecres 22 de febrer, a les 18 h, a la Biblioteca Font de la Mina,&nbsp;<\/strong>per a les persones que tenen el CAP La Mina com a Centre d\u2019Atenci\u00f3 Prim\u00e0ria de refer\u00e8ncia. Cal confirmar l&#8217;assist\u00e8ncia enviant un correu a contacte@ambsalut.cat<\/li>\n\n\n\n<li><strong>World Caf\u00e8 CAP Dr. Barraquer \u2013 Dijous 23 de febrer, a les 18 h, al Casal Dalt de la Vila,&nbsp;<\/strong>per a les persones que tenen el CAP Dr. Barraquer com a Centre d\u2019Atenci\u00f3 Prim\u00e0ria de refer\u00e8ncia. Cal confirmar l&#8217;assist\u00e8ncia enviant un correu a contacte@ambsalut.cat<\/li>\n<\/ul>\n\n\n\n<p>M\u00e9s informaci\u00f3 a la&nbsp;<strong><a href=\"https:\/\/participa311-santadria.diba.cat\/processes\/PLASalut?locale=es\">plataforma DECIDIM<\/a><\/strong><\/p>\n","protected":false},"excerpt":{"rendered":"<p>L&#8217;Ajuntament, conjuntament amb els Equips d&#8217;Atenci\u00f3 Prim\u00e0ria del CAP Dr. Barraquer i del CAP La Mina i l&#8217;Ag\u00e8ncia de Salut P\u00fablica de Catalunya, est\u00e0 elaborant des de fa un temps el Pla de Salut de Sant Adri\u00e0 2023-2027, una eina de planificaci\u00f3 que t\u00e9 com a objectiu millorar la salut i el benestar de la [&hellip;]<\/p>\n","protected":false},"author":2,"featured_media":5960,"comment_status":"closed","ping_status":"open","sticky":false,"template":"","format":"standard","meta":{"footnotes":""},"categories":[134],"tags":[],"class_list":{"0":"post-5959","1":"post","2":"type-post","3":"status-publish","4":"format-standard","5":"has-post-thumbnail","7":"category-actualitat"},"_links":{"self":[{"href":"https:\/\/www.areabesos.com\/diario\/wp-json\/wp\/v2\/posts\/5959","targetHints":{"allow":["GET"]}}],"collection":[{"href":"https:\/\/www.areabesos.com\/diario\/wp-json\/wp\/v2\/posts"}],"about":[{"href":"https:\/\/www.areabesos.com\/diario\/wp-json\/wp\/v2\/types\/post"}],"author":[{"embeddable":true,"href":"https:\/\/www.areabesos.com\/diario\/wp-json\/wp\/v2\/users\/2"}],"replies":[{"embeddable":true,"href":"https:\/\/www.areabesos.com\/diario\/wp-json\/wp\/v2\/comments?post=5959"}],"version-history":[{"count":1,"href":"https:\/\/www.areabesos.com\/diario\/wp-json\/wp\/v2\/posts\/5959\/revisions"}],"predecessor-version":[{"id":5961,"href":"https:\/\/www.areabesos.com\/diario\/wp-json\/wp\/v2\/posts\/5959\/revisions\/5961"}],"wp:featuredmedia":[{"embeddable":true,"href":"https:\/\/www.areabesos.com\/diario\/wp-json\/wp\/v2\/media\/5960"}],"wp:attachment":[{"href":"https:\/\/www.areabesos.com\/diario\/wp-json\/wp\/v2\/media?parent=5959"}],"wp:term":[{"taxonomy":"category","embeddable":true,"href":"https:\/\/www.areabesos.com\/diario\/wp-json\/wp\/v2\/categories?post=5959"},{"taxonomy":"post_tag","embeddable":true,"href":"https:\/\/www.areabesos.com\/diario\/wp-json\/wp\/v2\/tags?post=5959"}],"curies":[{"name":"wp","href":"https:\/\/api.w.org\/{rel}","templated":true}]}}