{"id":5957,"date":"2023-02-14T10:40:10","date_gmt":"2023-02-14T09:40:10","guid":{"rendered":"https:\/\/www.areabesos.com\/diario\/?p=5957"},"modified":"2023-02-15T10:40:45","modified_gmt":"2023-02-15T09:40:45","slug":"mossos-desquadra-detenen-a-santa-coloma-de-gramenet-dos-homes-per-tres-robatoris-violents","status":"publish","type":"post","link":"https:\/\/www.areabesos.com\/diario\/mossos-desquadra-detenen-a-santa-coloma-de-gramenet-dos-homes-per-tres-robatoris-violents\/","title":{"rendered":"<strong>Mossos d\u2019Esquadra detenen a Santa Coloma de Gramenet dos homes per tres robatoris violents<\/strong>"},"content":{"rendered":"\n<p>Agents de la Policia de la Generalitat \u2013 Mossos d&#8217;Esquadra de l\u2019ABP de Santa Coloma de Gramenet van detenir el 12 de febrer dos homes, de 17 i 20 anys, com a presumptes autors de tres robatoris amb viol\u00e8ncia, dos d\u2019ells comesos a Santa Coloma de Gramenet i l\u2019altre a Mollet del Vall\u00e8s.<\/p>\n\n\n\n<p>Sobre les 11.00 hores del mat\u00ed, el treballador d\u2019una botiga de queviures de la ciutat va alertar al 112 que dues persones l\u2019havien robat begudes alcoh\u00f2liques i l\u2019havien intentat agredir amb una ampolla de vidre. Uns minuts m\u00e9s tard, es va produir un robatori similar en una altra botiga, tot i que en aquest cas no van aconseguir emportar-se res.<\/p>\n\n\n\n<p>Gr\u00e0cies a la descripci\u00f3 aportada per part de les dues v\u00edctimes i a les imatges enregistrades a un dels establiments, els agents van localitzar a la zona del passeig de la salzereda dos joves que coincidien plenament amb la descripci\u00f3 i que, en veure la patrulla, van fer el gest de sortir corrents.<\/p>\n\n\n\n<p>Un cop identificats, els agents van observar que encara duien una de les ampolles sostretes a un dels establiments. A m\u00e9s, tamb\u00e9 els hi van intervenir un tel\u00e8fon m\u00f2bil que, despr\u00e9s de fer comprovacions amb l\u2019IMEI, van verificar que l\u2019havien sostret quatre dies abans en un&nbsp; robatori violent com\u00e8s a Mollet del Vall\u00e8s on van intimidar les v\u00edctimes amb una arma blanca.<\/p>\n\n\n\n<p>El dia 14 de febrer van passar a disposici\u00f3 judicial davant del Jutjat d\u2019Instrucci\u00f3 en funcions de gu\u00e0rdia de Santa Coloma, qui va decretar llibertat per a les dues persones.&nbsp;<\/p>\n","protected":false},"excerpt":{"rendered":"<p>Agents de la Policia de la Generalitat \u2013 Mossos d&#8217;Esquadra de l\u2019ABP de Santa Coloma de Gramenet van detenir el 12 de febrer dos homes, de 17 i 20 anys, com a presumptes autors de tres robatoris amb viol\u00e8ncia, dos d\u2019ells comesos a Santa Coloma de Gramenet i l\u2019altre a Mollet del Vall\u00e8s. Sobre les [&hellip;]<\/p>\n","protected":false},"author":2,"featured_media":1531,"comment_status":"closed","ping_status":"open","sticky":false,"template":"","format":"standard","meta":{"footnotes":""},"categories":[134],"tags":[],"class_list":{"0":"post-5957","1":"post","2":"type-post","3":"status-publish","4":"format-standard","5":"has-post-thumbnail","7":"category-actualitat"},"_links":{"self":[{"href":"https:\/\/www.areabesos.com\/diario\/wp-json\/wp\/v2\/posts\/5957","targetHints":{"allow":["GET"]}}],"collection":[{"href":"https:\/\/www.areabesos.com\/diario\/wp-json\/wp\/v2\/posts"}],"about":[{"href":"https:\/\/www.areabesos.com\/diario\/wp-json\/wp\/v2\/types\/post"}],"author":[{"embeddable":true,"href":"https:\/\/www.areabesos.com\/diario\/wp-json\/wp\/v2\/users\/2"}],"replies":[{"embeddable":true,"href":"https:\/\/www.areabesos.com\/diario\/wp-json\/wp\/v2\/comments?post=5957"}],"version-history":[{"count":1,"href":"https:\/\/www.areabesos.com\/diario\/wp-json\/wp\/v2\/posts\/5957\/revisions"}],"predecessor-version":[{"id":5958,"href":"https:\/\/www.areabesos.com\/diario\/wp-json\/wp\/v2\/posts\/5957\/revisions\/5958"}],"wp:featuredmedia":[{"embeddable":true,"href":"https:\/\/www.areabesos.com\/diario\/wp-json\/wp\/v2\/media\/1531"}],"wp:attachment":[{"href":"https:\/\/www.areabesos.com\/diario\/wp-json\/wp\/v2\/media?parent=5957"}],"wp:term":[{"taxonomy":"category","embeddable":true,"href":"https:\/\/www.areabesos.com\/diario\/wp-json\/wp\/v2\/categories?post=5957"},{"taxonomy":"post_tag","embeddable":true,"href":"https:\/\/www.areabesos.com\/diario\/wp-json\/wp\/v2\/tags?post=5957"}],"curies":[{"name":"wp","href":"https:\/\/api.w.org\/{rel}","templated":true}]}}