{"id":5951,"date":"2023-02-13T13:54:33","date_gmt":"2023-02-13T12:54:33","guid":{"rendered":"https:\/\/www.areabesos.com\/diario\/?p=5951"},"modified":"2023-02-13T13:54:34","modified_gmt":"2023-02-13T12:54:34","slug":"tercer-concert-del-14e-cicle-de-concerts-pedagogics-de-l-escola-municipal-de-musica-benet-bails","status":"publish","type":"post","link":"https:\/\/www.areabesos.com\/diario\/tercer-concert-del-14e-cicle-de-concerts-pedagogics-de-l-escola-municipal-de-musica-benet-bails\/","title":{"rendered":"Tercer concert del 14\u00e8 Cicle de Concerts Pedag\u00f2gics de l&#8217; Escola Municipal de M\u00fasica Benet Bails"},"content":{"rendered":"\n<p>Un any m\u00e9s, l&#8217;Escola de M\u00fasica oferir\u00e0, dins el 14\u00e8 Cicle de Concerts Pedag\u00f2gics, Animalades Musicals. \u00c9s tracta d&#8217;un concert adre\u00e7at a tots els p\u00fablics, per\u00f2 especialment dedicat als infants de l&#8217;escola que estan a punt de triar un instrument.<\/p>\n\n\n\n<p>En aquesta ocasi\u00f3 s&#8217;interpretar\u00e0 la composici\u00f3 simf\u00f2nica basada en el conte rus Pere i el llop, de Prok\u00f3fiev, i la suite El carnaval dels animals, de Saint-Sa\u00ebns, una obra plantejada com una broma musical per a una diada de Carnestoltes.<\/p>\n\n\n\n<p>El concert tindr\u00e0 lloc el divendres 17 de febrer, a l&#8217;Escola Municipal de M\u00fasica Benet Bails (c. d&#8217;Andreu Vidal, 45), a les 20.30 h. L&#8217;entrada ser\u00e0 gratu\u00efta i l&#8217;aforament limitat (70 places).&nbsp;<strong>A partir del divendres 10 de febrer, a la mateixa escola, es podran anar a buscar les entrades.<\/strong><\/p>\n","protected":false},"excerpt":{"rendered":"<p>Un any m\u00e9s, l&#8217;Escola de M\u00fasica oferir\u00e0, dins el 14\u00e8 Cicle de Concerts Pedag\u00f2gics, Animalades Musicals. \u00c9s tracta d&#8217;un concert adre\u00e7at a tots els p\u00fablics, per\u00f2 especialment dedicat als infants de l&#8217;escola que estan a punt de triar un instrument. En aquesta ocasi\u00f3 s&#8217;interpretar\u00e0 la composici\u00f3 simf\u00f2nica basada en el conte rus Pere i el [&hellip;]<\/p>\n","protected":false},"author":2,"featured_media":5952,"comment_status":"closed","ping_status":"open","sticky":false,"template":"","format":"standard","meta":{"footnotes":""},"categories":[136],"tags":[],"class_list":{"0":"post-5951","1":"post","2":"type-post","3":"status-publish","4":"format-standard","5":"has-post-thumbnail","7":"category-cultura"},"_links":{"self":[{"href":"https:\/\/www.areabesos.com\/diario\/wp-json\/wp\/v2\/posts\/5951","targetHints":{"allow":["GET"]}}],"collection":[{"href":"https:\/\/www.areabesos.com\/diario\/wp-json\/wp\/v2\/posts"}],"about":[{"href":"https:\/\/www.areabesos.com\/diario\/wp-json\/wp\/v2\/types\/post"}],"author":[{"embeddable":true,"href":"https:\/\/www.areabesos.com\/diario\/wp-json\/wp\/v2\/users\/2"}],"replies":[{"embeddable":true,"href":"https:\/\/www.areabesos.com\/diario\/wp-json\/wp\/v2\/comments?post=5951"}],"version-history":[{"count":1,"href":"https:\/\/www.areabesos.com\/diario\/wp-json\/wp\/v2\/posts\/5951\/revisions"}],"predecessor-version":[{"id":5953,"href":"https:\/\/www.areabesos.com\/diario\/wp-json\/wp\/v2\/posts\/5951\/revisions\/5953"}],"wp:featuredmedia":[{"embeddable":true,"href":"https:\/\/www.areabesos.com\/diario\/wp-json\/wp\/v2\/media\/5952"}],"wp:attachment":[{"href":"https:\/\/www.areabesos.com\/diario\/wp-json\/wp\/v2\/media?parent=5951"}],"wp:term":[{"taxonomy":"category","embeddable":true,"href":"https:\/\/www.areabesos.com\/diario\/wp-json\/wp\/v2\/categories?post=5951"},{"taxonomy":"post_tag","embeddable":true,"href":"https:\/\/www.areabesos.com\/diario\/wp-json\/wp\/v2\/tags?post=5951"}],"curies":[{"name":"wp","href":"https:\/\/api.w.org\/{rel}","templated":true}]}}