{"id":5948,"date":"2023-02-09T13:12:21","date_gmt":"2023-02-09T12:12:21","guid":{"rendered":"https:\/\/www.areabesos.com\/diario\/?p=5948"},"modified":"2023-02-13T13:25:38","modified_gmt":"2023-02-13T12:25:38","slug":"irene-pardo-denuncia-que-sant-adria-es-el-gran-olvidado-por-el-partido-socialista-que-lo-ha-escogido-como-vertedero-de-las-ciudades-del-area-metropolitana","status":"publish","type":"post","link":"https:\/\/www.areabesos.com\/diario\/irene-pardo-denuncia-que-sant-adria-es-el-gran-olvidado-por-el-partido-socialista-que-lo-ha-escogido-como-vertedero-de-las-ciudades-del-area-metropolitana\/","title":{"rendered":"<strong>Irene Pardo denuncia que Sant Adri\u00e0 es \u201cel gran olvidado por el Partido Socialista que lo ha escogido como vertedero de las ciudades del \u00c1rea Metropolitana\u201d \u00a0<\/strong>"},"content":{"rendered":"\n<p>Irene Pardo, la candidata a la alcald\u00eda de Sant Adri\u00e0 de Bes\u00f2s ha denunciado que Sant Adri\u00e0 es \u201cel gran olvidado por el Partido Socialista\u201d. En este sentido ha dicho que \u201cel Partido Socialista, a d\u00eda de hoy, est\u00e1 gobernando en todas las ciudades del \u00c0rea Metropolitana de Barcelona, el llamado cintur\u00f3n rojo, y ha escogido a Sant Adri\u00e0 de Bes\u00f2s para ser el vertedero\u201d.<\/p>\n\n\n\n<p>As\u00ed ha explicado que \u201cSant Adri\u00e0 ha sido la elegida por su alcaldesa y por sus compa\u00f1eros de partido para que todas las aguas fecales del \u00c0rea Metropolitana, de las ciudades que colindan, vayan a parar a la playa Sant Adri\u00e0, una playa que est\u00e1 cerrada para los vecinos que no pueden ba\u00f1arse porque las aguas est\u00e1n contaminadas\u201d. \u201cEn estas condiciones la playa de Sant Adri\u00e0 no la pueden disfrutar ni los vecinos ni otros ba\u00f1istas de Badalona o de Barcelona y por lo tanto tambi\u00e9n es una ciudad estancada econ\u00f3micamente porque al tener una playa cerrada no puede venir la gente a disfrutar de los bares y de los comercios y por lo tanto es imposible la promoci\u00f3n tur\u00edstica\u201d, ha lamentado.<\/p>\n\n\n\n<p>Por ello la alcaldable se propone \u201ccambiar esta situaci\u00f3n porque Sant Adri\u00e0 no es menos que Badalona, no es menos que Santa Coloma, o no es menos que la ciudad de Barcelona\u201d. Asimismo, Irene Pardo ha explicado que tambi\u00e9n quiere \u201cponer fin a la terrible situaci\u00f3n de inseguridad que vive a d\u00eda de hoy el municipio ya que es la ciudad con m\u00e1s criminalidad por cada 1.000 habitantes de Catalu\u00f1a y la sexta ciudad con el \u00edndice de delincuencia m\u00e1s alto de toda Espa\u00f1a\u201d.<\/p>\n\n\n\n<p>Para la candidata del PP es lamentable que \u201ca pesar de estos terribles datos la alcaldesa del Partido Socialista, Filo Ca\u00f1ete, lo niegue y no haga nada\u201d. Por ello Irene Pardo ha asegurado que, si tras el 28 de mayo, es alcaldesa, har\u00e1 uh plan de seguridad y crear\u00e1 \u201cla unidad de intervenci\u00f3n inmediata, como hizo Xavier Garc\u00eda Albiol en Badalona y funcion\u00f3 en horario de tarde y noche para combatir los delitos m\u00e1s graves que se producen en ese horario. Tambi\u00e9n ampliaremos la plantilla de agentes de la polic\u00eda para que, aquellos que hayan pasado a segunda actividad puedan seguir manteniendo su trabajo, pero hayan nuevas plazas de agente que est\u00e9n a pie de calle qu\u00e9 es lo que los ciudadanos reclaman\u201d.<\/p>\n\n\n\n<p>Por otra parte ha dicho que otro eje ser\u00e1 \u201cla creaci\u00f3n de m\u00e1s zonas verdes porque la \u00fanica que hay que es el parque del Bes\u00f2s donde las personas tampoco lo pueden disfrutar por los problemas de inseguridad y la presencia de jeringuillas y toxic\u00f3manos en la zona\u201d.<\/p>\n\n\n\n<p>Por su parte el portavoz del Partido Popular en el \u00c0rea Metropolitana, Miguel Jurado, ha denunciadoque el gobierno del \u00c0rea Metropolitana haya dejado sin subvencionar la tarjeta T-casual de transporte\u201d. Jurado ha recordado que en el pasado Consejo metropolitano el gobierno mayoritario del Partido Socialista con ERC votaron en contra de esta subvenci\u00f3n cuando \u201ces la tarjeta m\u00e1s usada por de los usuarios que necesitan moverse por el \u00e1rea metropolitana\u201d, y ha lamentado que adem\u00e1s se perder\u00e1 el 30% que subvencionaba el estado.<\/p>\n\n\n\n<p>El portavoz del Partido Popular considera adem\u00e1s que \u201crepresenta una discriminaci\u00f3n frente a otros t\u00edtulos de transporte como la tarjeta mensual o la T-Jove que siguen subvencionadas un 50%\u201d.Finalmente ha a\u00f1adido que \u201cel Partido Popular seguir\u00e1 trabajando para que ese tipo de t\u00edtulos de tarjetas p\u00fablicas est\u00e9n subvencionadas como una forma de ayuda a las familias\u201d<\/p>\n\n\n\n<p>Por su parte el presidente provincial, Manu Reyes, ha dicho que \u201cel Partido Popular es el \u00fanico que est\u00e1 haciendo oposici\u00f3n al gobierno metropolitano de Colau y del Partido Socialista con propuestas de los problemas reales de los ciudadanos que viven en los municipios que forman el \u00c0rea Metropolitana de Barcelona\u201d.<\/p>\n\n\n\n<p>En este sentido ha dicho que con esta esta iniciativa del Partido Popular nuevamente se pone de manifiesto las necesidades que hay en el transporte p\u00fablico y las grandes deficiencias que sufren miles de ciudadanos dentro del \u00c0rea Metropolitana, donde \u201ccada d\u00eda es m\u00e1s &nbsp;dif\u00edcil moverse\u201d.<\/p>\n\n\n\n<p>Tambi\u00e9n ha lamentado que \u201ccastigar sin bonificar al billete m\u00e1s utilizado representa castigar a las familia m\u00e1s humildes y a las personas que m\u00e1s necesitan moverse en el transporte p\u00fablico\u201d.<\/p>\n\n\n\n<p>Finalmente, ha a\u00f1adido que \u201cSant Adri\u00e0 necesita un cambio tras 44 de pol\u00edticas nefastas del Partido Socialista y de haberlo convertido en su \u2018banco de pruebas\u2019. \u201cEse cambi\u00f3 llegar\u00e1 de la mano de la candidata, Irene Pardo, quien representa los valores de libertad, de seguridad y de mejora del municipio y har\u00e1 posible ese cambio significativo con un Partido Popular que ser\u00e1 decisivo en el futuro del gobierno de esta ciudad\u201d, ha concluido.&nbsp;<\/p>\n","protected":false},"excerpt":{"rendered":"<p>Irene Pardo, la candidata a la alcald\u00eda de Sant Adri\u00e0 de Bes\u00f2s ha denunciado que Sant Adri\u00e0 es \u201cel gran olvidado por el Partido Socialista\u201d. En este sentido ha dicho que \u201cel Partido Socialista, a d\u00eda de hoy, est\u00e1 gobernando en todas las ciudades del \u00c0rea Metropolitana de Barcelona, el llamado cintur\u00f3n rojo, y ha [&hellip;]<\/p>\n","protected":false},"author":2,"featured_media":5949,"comment_status":"closed","ping_status":"open","sticky":false,"template":"","format":"standard","meta":{"footnotes":""},"categories":[134],"tags":[],"class_list":{"0":"post-5948","1":"post","2":"type-post","3":"status-publish","4":"format-standard","5":"has-post-thumbnail","7":"category-actualitat"},"_links":{"self":[{"href":"https:\/\/www.areabesos.com\/diario\/wp-json\/wp\/v2\/posts\/5948","targetHints":{"allow":["GET"]}}],"collection":[{"href":"https:\/\/www.areabesos.com\/diario\/wp-json\/wp\/v2\/posts"}],"about":[{"href":"https:\/\/www.areabesos.com\/diario\/wp-json\/wp\/v2\/types\/post"}],"author":[{"embeddable":true,"href":"https:\/\/www.areabesos.com\/diario\/wp-json\/wp\/v2\/users\/2"}],"replies":[{"embeddable":true,"href":"https:\/\/www.areabesos.com\/diario\/wp-json\/wp\/v2\/comments?post=5948"}],"version-history":[{"count":1,"href":"https:\/\/www.areabesos.com\/diario\/wp-json\/wp\/v2\/posts\/5948\/revisions"}],"predecessor-version":[{"id":5950,"href":"https:\/\/www.areabesos.com\/diario\/wp-json\/wp\/v2\/posts\/5948\/revisions\/5950"}],"wp:featuredmedia":[{"embeddable":true,"href":"https:\/\/www.areabesos.com\/diario\/wp-json\/wp\/v2\/media\/5949"}],"wp:attachment":[{"href":"https:\/\/www.areabesos.com\/diario\/wp-json\/wp\/v2\/media?parent=5948"}],"wp:term":[{"taxonomy":"category","embeddable":true,"href":"https:\/\/www.areabesos.com\/diario\/wp-json\/wp\/v2\/categories?post=5948"},{"taxonomy":"post_tag","embeddable":true,"href":"https:\/\/www.areabesos.com\/diario\/wp-json\/wp\/v2\/tags?post=5948"}],"curies":[{"name":"wp","href":"https:\/\/api.w.org\/{rel}","templated":true}]}}