{"id":5945,"date":"2023-02-10T10:35:35","date_gmt":"2023-02-10T09:35:35","guid":{"rendered":"https:\/\/www.areabesos.com\/diario\/?p=5945"},"modified":"2023-02-10T10:35:35","modified_gmt":"2023-02-10T09:35:35","slug":"egoismo-inteligente-una-teoria-del-apoyo-mutuo","status":"publish","type":"post","link":"https:\/\/www.areabesos.com\/diario\/egoismo-inteligente-una-teoria-del-apoyo-mutuo\/","title":{"rendered":"Ego\u00edsmo inteligente, una teor\u00eda del apoyo mutuo"},"content":{"rendered":"\n<p>No es del todo cierto que las segundas partes sean malas; eso s\u00ed, hay que darles una oportunidad. Al menos eso le pas\u00f3 a Charles Darwin tras escribir <em>El origen de las especies<\/em>. Tiempo despu\u00e9s, \u00e9l mismo caer\u00eda en la cuenta de que su famosa expresi\u00f3n: \u00abla lucha por la existencia\u00bb hab\u00eda sido una met\u00e1fora mal interpretada; la interdependencia, tal como puntualiz\u00f3 m\u00e1s tarde en <em>El origen del hombre<\/em>, no pretend\u00eda justificar el combate cruel entre individuos, sino la estrecha colaboraci\u00f3n entre especies para ganar la perpetuidad, para conseguir bienestar entre los grupos mediante la cooperaci\u00f3n, un factor determinante para la evoluci\u00f3n.<\/p>\n\n\n\n<p>De cualquier forma, sus reflexiones llegaron tarde, y aunque se salv\u00f3 de la quema como no ocurri\u00f3 con Galileo, poco import\u00f3 para el poder b\u00e1rbaro que se aprovechar\u00eda de sus primeras palabras para hacerlas suyas y ensalzar a la clase social de los m\u00e1s fuertes con su visi\u00f3n duramente competitiva y codiciosa. Despu\u00e9s, pasados los siglos, somos testigos de que sigue siendo esa la misma t\u00e1ctica en la econom\u00eda-la pol\u00edtica-las relaciones geoculturales&#8230; El famoso eslogan de aquel ge\u00f3logo: \u00abla selecci\u00f3n natural\u00bb le jug\u00f3 una mala pasada cuando fue apadrinado por aquellos que atesoraron sus ideas y las resignificaron seg\u00fan sus intereses, esos que piensan que la Tierra les pertenece, que han ido financiando sus prop\u00f3sitos turbios, sus razones falseadas, sus guerras malas, que han ido escondiendo cosas muy feas bajo las piedras.<\/p>\n\n\n\n<p>Fue el acallado pensador Piotr Kropotkin quien sigui\u00f3 desarrollando la l\u00ednea abierta por el ingles, para descubrir el desaf\u00edo de los lazos, el debate sobre la fraternidad y las formas de relaci\u00f3n entre los seres vivos y los escenarios ecol\u00f3gicos (tambi\u00e9n con los imprescindibles microbios). Aquel anarquista puso el mayor \u00e9nfasis en las condiciones ambientales, en el clima y la alimentaci\u00f3n. No cre\u00eda en la bondad humana, de ning\u00fan modo en su simpat\u00eda y su amor, pero s\u00ed en su conciencia solidaria y la reciprocidad, algo que \u00faltimamente se le reconoce como ego\u00edsmo inteligente.<\/p>\n\n\n\n<p>Es a trav\u00e9s del apoyo y la ayuda mutua, y no mediante la lucha despiadada del &#8211; todos contra todos &#8211;\u00a0 como las sociedades humanas han podido sobrevivir y extenderse. Es el milagro del mayor de los rescates, el del Cuidado, lamentablemente el valor m\u00e1s castigado: no son las m\u00e1s fuertes sino las m\u00e1s aptas las que aseguran nuestro futuro.<\/p>\n\n\n\n<p><span style=\"background-color:#0d0101\" class=\"td_text_highlight_marker\">Francesc Reina<\/span><\/p>\n","protected":false},"excerpt":{"rendered":"<p>No es del todo cierto que las segundas partes sean malas; eso s\u00ed, hay que darles una oportunidad. Al menos eso le pas\u00f3 a Charles Darwin tras escribir El origen de las especies. Tiempo despu\u00e9s, \u00e9l mismo caer\u00eda en la cuenta de que su famosa expresi\u00f3n: \u00abla lucha por la existencia\u00bb hab\u00eda sido una met\u00e1fora [&hellip;]<\/p>\n","protected":false},"author":2,"featured_media":5946,"comment_status":"closed","ping_status":"open","sticky":false,"template":"","format":"standard","meta":{"footnotes":""},"categories":[139],"tags":[],"class_list":{"0":"post-5945","1":"post","2":"type-post","3":"status-publish","4":"format-standard","5":"has-post-thumbnail","7":"category-opinio"},"_links":{"self":[{"href":"https:\/\/www.areabesos.com\/diario\/wp-json\/wp\/v2\/posts\/5945","targetHints":{"allow":["GET"]}}],"collection":[{"href":"https:\/\/www.areabesos.com\/diario\/wp-json\/wp\/v2\/posts"}],"about":[{"href":"https:\/\/www.areabesos.com\/diario\/wp-json\/wp\/v2\/types\/post"}],"author":[{"embeddable":true,"href":"https:\/\/www.areabesos.com\/diario\/wp-json\/wp\/v2\/users\/2"}],"replies":[{"embeddable":true,"href":"https:\/\/www.areabesos.com\/diario\/wp-json\/wp\/v2\/comments?post=5945"}],"version-history":[{"count":1,"href":"https:\/\/www.areabesos.com\/diario\/wp-json\/wp\/v2\/posts\/5945\/revisions"}],"predecessor-version":[{"id":5947,"href":"https:\/\/www.areabesos.com\/diario\/wp-json\/wp\/v2\/posts\/5945\/revisions\/5947"}],"wp:featuredmedia":[{"embeddable":true,"href":"https:\/\/www.areabesos.com\/diario\/wp-json\/wp\/v2\/media\/5946"}],"wp:attachment":[{"href":"https:\/\/www.areabesos.com\/diario\/wp-json\/wp\/v2\/media?parent=5945"}],"wp:term":[{"taxonomy":"category","embeddable":true,"href":"https:\/\/www.areabesos.com\/diario\/wp-json\/wp\/v2\/categories?post=5945"},{"taxonomy":"post_tag","embeddable":true,"href":"https:\/\/www.areabesos.com\/diario\/wp-json\/wp\/v2\/tags?post=5945"}],"curies":[{"name":"wp","href":"https:\/\/api.w.org\/{rel}","templated":true}]}}