{"id":5936,"date":"2023-02-08T12:03:54","date_gmt":"2023-02-08T11:03:54","guid":{"rendered":"https:\/\/www.areabesos.com\/diario\/?p=5936"},"modified":"2023-02-08T12:03:58","modified_gmt":"2023-02-08T11:03:58","slug":"arriba-la-xxiv-festa-dels-passadors","status":"publish","type":"post","link":"https:\/\/www.areabesos.com\/diario\/arriba-la-xxiv-festa-dels-passadors\/","title":{"rendered":"Arriba la XXIV Festa dels Passadors"},"content":{"rendered":"\n<p>L\u2019associaci\u00f3 Dones del Futur i Unesco Sant Adri\u00e0 celebren aquest proper cap de setmana de l&#8217;11 i 12 de febrer, l\u2019edici\u00f3 n\u00famero 24 de la Festa dels Passadors, catalogada com a patrimoni cultural de Catalunya i que enguany retoma els dos dies de celebracions. Els actes comen\u00e7aran el dissabte, 11 de febrer, a les 12 hores a la pla\u00e7a de la Vila amb Santi Rovira com a contacontes amb \u00abL&#8217;escenari de llibres\u00bb. A la mateixa hora comen\u00e7ar\u00e0 una nova sessi\u00f3 de la ruta cultural de Sant Adri\u00e0 (cal inscriure&#8217;s previ\u00e0ment a rutesculturasab.wordpress.com). A la tarda, a les 18 hores, es dur\u00e0 a terme un concert de la Benet Bails Big Band a l&#8217;Ateneu Adrianenc.<\/p>\n\n\n\n<p>Al dia seg\u00fcent, els actes comen\u00e7aran a l\u2019arc g\u00f2tic de Sant Adri\u00e0 a les 10.30 hores amb la concentraci\u00f3 dels participants a la cercavila, els Gegants Passadors de Sant Adri\u00e0, Tabalers, Tronada i Castellers Passadors de la localitat adrianenca, la geganteta Eul\u00e0lia i el debut dels capgrossos del conte dels Passadors. El cercavila anir\u00e0 del Pont dels Passadors fins la pla\u00e7a de la Vila passat per l&#8217;Avinguda Catalunya.<\/p>\n\n\n\n<p>A les 12 hores hi haur\u00e0 els llu\u00efments, i a les 11.45 h. hi haur\u00e0 la gran festa de celebraci\u00f3 amb l\u2019ofrena de l\u2019Eul\u00e0lia al Gegant Passador i altres. La festa acabar\u00e0 amb l&#8217;animaci\u00f3 infantil del grup El Gripau Blau.<\/p>\n\n\n\n<p>A la pla\u00e7a de la Vila es podr\u00e0 comprar el conte \u00abEls passadors i la serpent ferotge\u00bb els matins de dissabte i diumenge. Els beneficis seran destinats al Casal dels Infants.<\/p>\n\n\n\n<div><a href=\"https:\/\/www.areabesos.com\/diario\/wp-content\/uploads\/2023\/02\/festapassadors2023-724x1024.jpeg\" class=\"td-modal-image\"><figure class=\"wp-block-image size-large\"><img loading=\"lazy\" decoding=\"async\" width=\"724\" height=\"1024\" src=\"https:\/\/www.areabesos.com\/diario\/wp-content\/uploads\/2023\/02\/festapassadors2023-724x1024.jpeg\" alt=\"\" class=\"wp-image-5937\" srcset=\"https:\/\/www.areabesos.com\/diario\/wp-content\/uploads\/2023\/02\/festapassadors2023-724x1024.jpeg 724w, https:\/\/www.areabesos.com\/diario\/wp-content\/uploads\/2023\/02\/festapassadors2023-212x300.jpeg 212w, https:\/\/www.areabesos.com\/diario\/wp-content\/uploads\/2023\/02\/festapassadors2023-768x1087.jpeg 768w, https:\/\/www.areabesos.com\/diario\/wp-content\/uploads\/2023\/02\/festapassadors2023-150x212.jpeg 150w, https:\/\/www.areabesos.com\/diario\/wp-content\/uploads\/2023\/02\/festapassadors2023-300x425.jpeg 300w, https:\/\/www.areabesos.com\/diario\/wp-content\/uploads\/2023\/02\/festapassadors2023-696x985.jpeg 696w, https:\/\/www.areabesos.com\/diario\/wp-content\/uploads\/2023\/02\/festapassadors2023.jpeg 848w\" sizes=\"auto, (max-width: 724px) 100vw, 724px\" \/><\/figure><\/a><\/div>\n","protected":false},"excerpt":{"rendered":"<p>L\u2019associaci\u00f3 Dones del Futur i Unesco Sant Adri\u00e0 celebren aquest proper cap de setmana de l&#8217;11 i 12 de febrer, l\u2019edici\u00f3 n\u00famero 24 de la Festa dels Passadors, catalogada com a patrimoni cultural de Catalunya i que enguany retoma els dos dies de celebracions. Els actes comen\u00e7aran el dissabte, 11 de febrer, a les 12 [&hellip;]<\/p>\n","protected":false},"author":1,"featured_media":5938,"comment_status":"closed","ping_status":"open","sticky":false,"template":"","format":"standard","meta":{"footnotes":""},"categories":[134,136],"tags":[],"class_list":{"0":"post-5936","1":"post","2":"type-post","3":"status-publish","4":"format-standard","5":"has-post-thumbnail","7":"category-actualitat","8":"category-cultura"},"_links":{"self":[{"href":"https:\/\/www.areabesos.com\/diario\/wp-json\/wp\/v2\/posts\/5936","targetHints":{"allow":["GET"]}}],"collection":[{"href":"https:\/\/www.areabesos.com\/diario\/wp-json\/wp\/v2\/posts"}],"about":[{"href":"https:\/\/www.areabesos.com\/diario\/wp-json\/wp\/v2\/types\/post"}],"author":[{"embeddable":true,"href":"https:\/\/www.areabesos.com\/diario\/wp-json\/wp\/v2\/users\/1"}],"replies":[{"embeddable":true,"href":"https:\/\/www.areabesos.com\/diario\/wp-json\/wp\/v2\/comments?post=5936"}],"version-history":[{"count":1,"href":"https:\/\/www.areabesos.com\/diario\/wp-json\/wp\/v2\/posts\/5936\/revisions"}],"predecessor-version":[{"id":5939,"href":"https:\/\/www.areabesos.com\/diario\/wp-json\/wp\/v2\/posts\/5936\/revisions\/5939"}],"wp:featuredmedia":[{"embeddable":true,"href":"https:\/\/www.areabesos.com\/diario\/wp-json\/wp\/v2\/media\/5938"}],"wp:attachment":[{"href":"https:\/\/www.areabesos.com\/diario\/wp-json\/wp\/v2\/media?parent=5936"}],"wp:term":[{"taxonomy":"category","embeddable":true,"href":"https:\/\/www.areabesos.com\/diario\/wp-json\/wp\/v2\/categories?post=5936"},{"taxonomy":"post_tag","embeddable":true,"href":"https:\/\/www.areabesos.com\/diario\/wp-json\/wp\/v2\/tags?post=5936"}],"curies":[{"name":"wp","href":"https:\/\/api.w.org\/{rel}","templated":true}]}}