{"id":5933,"date":"2023-02-08T10:57:51","date_gmt":"2023-02-08T09:57:51","guid":{"rendered":"https:\/\/www.areabesos.com\/diario\/?p=5933"},"modified":"2023-02-08T10:57:51","modified_gmt":"2023-02-08T09:57:51","slug":"sant-adria-celebra-el-dia-de-la-dona-i-la-nena-en-la-ciencia","status":"publish","type":"post","link":"https:\/\/www.areabesos.com\/diario\/sant-adria-celebra-el-dia-de-la-dona-i-la-nena-en-la-ciencia\/","title":{"rendered":"Sant Adri\u00e0 celebra el Dia de la dona i la nena en la ci\u00e8ncia"},"content":{"rendered":"\n<p>El dia 11 de febrer \u00e9s el&nbsp;<a href=\"https:\/\/es.unesco.org\/commemorations\/womenandgirlinscienceday\">Dia Internacional de la Dona i la Nena en la Ci\u00e8ncia<\/a>&nbsp;i va ser proclamat l\u2019any 2015 per l\u2019Assemblea General de les Nacions Unides per tal de reivindicar el paper que t\u00e9 la dona en el m\u00f3n cient\u00edfic i tecnol\u00f2gic. Amb la proclamaci\u00f3 d\u2019aquest dia, es vol aconseguir la igualtat en l\u2019acc\u00e9s i participaci\u00f3 de la dona en el m\u00f3n de la investigaci\u00f3 cient\u00edfica i la tecnologia, amb diferents objectius:<\/p>\n\n\n\n<ul class=\"wp-block-list\">\n<li>Sensibilitzar i reivindicar la nena i la dona en les carreres STEM (Ci\u00e8ncia, Tecnologia, Enginyeria i Matem\u00e0tiques)<\/li>\n\n\n\n<li>Promoure i fomentar major participaci\u00f3 plena i efectiva de la dona en les carreres t\u00e8cniques<\/li>\n\n\n\n<li>Divulgar i visibilitzar la tasca i el rol de les nenes i les dones en els \u00e0mbits cientificotecnol\u00f2gics<\/li>\n\n\n\n<li>Fomentar els rols femenins en els \u00e0mbits de ci\u00e8ncia i tecnologia per crear referents positius per a noves generacions<\/li>\n<\/ul>\n\n\n\n<p>&nbsp;La dona, malauradament, mai ha tingut un paper massa visible en el m\u00f3n de la ci\u00e8ncia. Tot i haver-hi participat activament i haver-ne fet grans aven\u00e7os, sovint nom\u00e9s es coneixen els noms de cient\u00edfics importants com&nbsp;<a href=\"https:\/\/ca.wikipedia.org\/wiki\/Louis_Pasteur\">Louis Pasteur<\/a>,&nbsp;<a href=\"https:\/\/ca.wikipedia.org\/wiki\/Stephen_Hawking\">Stephen Hawking<\/a>&nbsp;o&nbsp;<a href=\"https:\/\/ca.wikipedia.org\/wiki\/Albert_Einstein\">Albert Einstein<\/a>&nbsp;<a href=\"https:\/\/ca.wikipedia.org\/wiki\/Isaac_Newton\">Isaac Newton<\/a>. Per\u00f2, i si et parlem de&nbsp;<a href=\"https:\/\/ca.wikipedia.org\/wiki\/Marie_Curie\">Marie Curie<\/a>,&nbsp;<a href=\"https:\/\/ca.wikipedia.org\/wiki\/Grace_Hopper\">Grace Hooper<\/a>,&nbsp;<a href=\"https:\/\/ca.wikipedia.org\/wiki\/Chien-Shiung_Wu\">Chien Shiung Wu<\/a>&nbsp;o&nbsp;<a href=\"https:\/\/ca.wikipedia.org\/wiki\/Nettie_Stevens\">Nettie Stevens<\/a>? Totes elles han sigut dones amb un paper molt important en el m\u00f3n de la ci\u00e8ncia i la investigaci\u00f3.<\/p>\n\n\n\n<p>Segons la UNESCO, a Europa, les dones son menys del 45% de la comunitat&nbsp; cient\u00edfica. En l&#8217;\u00e0mbit de la intel\u00b7lig\u00e8ncia artificial nom\u00e9s un 10-15% s\u00f3n dones, segons la Comissi\u00f3 Europea. Aquestes dades s\u00f3n un reflex dels estereotips de la societat, que fan que la desigualtat entre dones i homes sigui evident tamb\u00e9 en aquest \u00e0mbit.<\/p>\n\n\n\n<p>Hi ha diferents estudis que destaquen que les nenes es senten inferiors en relaci\u00f3 a l&#8217;\u00e0mbit STEM i s\u00f3n els nens qui tenen m\u00e9s motivaci\u00f3 i predisposici\u00f3 a escollir assignatures i carreres relacionades amb la ci\u00e8ncia i la tecnologia. Hi ha molts estereotips de g\u00e8nere i car\u00e8ncies de referents femenines que fan que les nenes i les noies no escullin aquests \u00e0mbits laborals i professionals.<\/p>\n\n\n\n<p>La ciutat de Sant Adri\u00e0 es vol sumar aquesta celebraci\u00f3 i des de la Regidoria d&#8217;Igualtat i des del CIOD (Centre d&#8217;Informaci\u00f3 i Orientaci\u00f3 de la Dona) s\u2019han organitzat diferents activitats per descobrir dones cient\u00edfiques. Podeu consultar les xarxes socials del CIOD per a m\u00e9s informaci\u00f3 i recollir al centre un punt de llibre de dones cient\u00edfiques, i aix\u00ed contribuir a la seva visibilitat.<\/p>\n\n\n\n<p><a href=\"https:\/\/www.sant-adria.cat\/sant-adria-per-temes\/igualtat\/documents\/P110223.pdf\" target=\"_blank\" rel=\"noreferrer noopener\"><strong>Activitats a Sant Adri\u00e0 de l\u201911 de febrer,&nbsp; Dia de les dones i les nenes en la ci\u00e8ncia<\/strong><\/a><\/p>\n\n\n\n<p>Dimecres, 15 de febrer<\/p>\n\n\n\n<p><strong>17.30 H Cinema i crispetes. Figuras Ocultas<\/strong><\/p>\n\n\n\n<p>La pel\u00b7l\u00edcula narra la hist\u00f2ria de la matem\u00e0tica afroamericana&nbsp;<strong><a href=\"https:\/\/ca.wikipedia.org\/wiki\/Katherine_Johnson\">Katherine Johnson<\/a><\/strong>&nbsp;i les seves dues companyes,&nbsp;<strong><a href=\"https:\/\/ca.wikipedia.org\/wiki\/Dorothy_Vaughan\">Dorothy Vaughan<\/a><\/strong>&nbsp;i&nbsp;<strong><a href=\"https:\/\/ca.wikipedia.org\/wiki\/Mary_Jackson_(enginyera)\">Mary Jackson<\/a><\/strong>, on amb els seus c\u00e0lculs i coneixents van ajudar a la<strong>&nbsp;NASA<\/strong>&nbsp;en la carrera espacial.<\/p>\n\n\n\n<p>Inscripci\u00f3 pr\u00e8via<\/p>\n\n\n\n<p>Lloc: CIOD<\/p>\n\n\n\n<p>Del 8 al 15 de febrer<\/p>\n\n\n\n<p><strong>Exposici\u00f3 \u201cLes dones fan hist\u00f2ria\u201d<\/strong><\/p>\n\n\n\n<p>Cedida: Centre Juvenil POLIDOR&nbsp;&nbsp;&nbsp;&nbsp;&nbsp;&nbsp;&nbsp;&nbsp;&nbsp;&nbsp;&nbsp;&nbsp;&nbsp;&nbsp;&nbsp;&nbsp;&nbsp;&nbsp;&nbsp;&nbsp;&nbsp;&nbsp;<\/p>\n\n\n\n<p>Lloc: CIOD<\/p>\n\n\n\n<p><strong>Fons documental de g\u00e8nere \u00abDones cient\u00edfiques\u00bb<\/strong><\/p>\n\n\n\n<p>Pr\u00e9stec de llibres<\/p>\n\n\n\n<p>Lloc: CIOD&nbsp;&nbsp;&nbsp;&nbsp;&nbsp;&nbsp;&nbsp;&nbsp;&nbsp;<\/p>\n\n\n\n<p><strong>\u00abDones de ci\u00e8ncia\u00bb<\/strong><\/p>\n\n\n\n<p>Recull el teu punt de llibre al CIOD<\/p>\n\n\n\n<p>Lloc: CIOD<\/p>\n\n\n\n<p>M\u00e9s informaci\u00f3: CIOD &#8211; c\/les Escoles, 10 baixos<\/p>\n\n\n\n<p>Tel.93 462 11 21<\/p>\n\n\n\n<p>a la web www.sant-adria.net\/sant-adria-per-temes\/igualtat<\/p>\n\n\n\n<p>www.facebook.com\/CIODDonesSantAdria<\/p>\n\n\n\n<p>www.facebook.com\/ConsellDonesSAB<\/p>\n\n\n\n<p>www.facebook.com\/tequierobien<\/p>\n\n\n\n<p>@cioddonessab<\/p>\n\n\n\n<p>@ciodtequierobien<\/p>\n","protected":false},"excerpt":{"rendered":"<p>El dia 11 de febrer \u00e9s el&nbsp;Dia Internacional de la Dona i la Nena en la Ci\u00e8ncia&nbsp;i va ser proclamat l\u2019any 2015 per l\u2019Assemblea General de les Nacions Unides per tal de reivindicar el paper que t\u00e9 la dona en el m\u00f3n cient\u00edfic i tecnol\u00f2gic. Amb la proclamaci\u00f3 d\u2019aquest dia, es vol aconseguir la igualtat [&hellip;]<\/p>\n","protected":false},"author":2,"featured_media":5934,"comment_status":"closed","ping_status":"open","sticky":false,"template":"","format":"standard","meta":{"footnotes":""},"categories":[134],"tags":[],"class_list":{"0":"post-5933","1":"post","2":"type-post","3":"status-publish","4":"format-standard","5":"has-post-thumbnail","7":"category-actualitat"},"_links":{"self":[{"href":"https:\/\/www.areabesos.com\/diario\/wp-json\/wp\/v2\/posts\/5933","targetHints":{"allow":["GET"]}}],"collection":[{"href":"https:\/\/www.areabesos.com\/diario\/wp-json\/wp\/v2\/posts"}],"about":[{"href":"https:\/\/www.areabesos.com\/diario\/wp-json\/wp\/v2\/types\/post"}],"author":[{"embeddable":true,"href":"https:\/\/www.areabesos.com\/diario\/wp-json\/wp\/v2\/users\/2"}],"replies":[{"embeddable":true,"href":"https:\/\/www.areabesos.com\/diario\/wp-json\/wp\/v2\/comments?post=5933"}],"version-history":[{"count":1,"href":"https:\/\/www.areabesos.com\/diario\/wp-json\/wp\/v2\/posts\/5933\/revisions"}],"predecessor-version":[{"id":5935,"href":"https:\/\/www.areabesos.com\/diario\/wp-json\/wp\/v2\/posts\/5933\/revisions\/5935"}],"wp:featuredmedia":[{"embeddable":true,"href":"https:\/\/www.areabesos.com\/diario\/wp-json\/wp\/v2\/media\/5934"}],"wp:attachment":[{"href":"https:\/\/www.areabesos.com\/diario\/wp-json\/wp\/v2\/media?parent=5933"}],"wp:term":[{"taxonomy":"category","embeddable":true,"href":"https:\/\/www.areabesos.com\/diario\/wp-json\/wp\/v2\/categories?post=5933"},{"taxonomy":"post_tag","embeddable":true,"href":"https:\/\/www.areabesos.com\/diario\/wp-json\/wp\/v2\/tags?post=5933"}],"curies":[{"name":"wp","href":"https:\/\/api.w.org\/{rel}","templated":true}]}}