{"id":5930,"date":"2023-02-17T10:39:52","date_gmt":"2023-02-17T09:39:52","guid":{"rendered":"https:\/\/www.areabesos.com\/diario\/?p=5930"},"modified":"2023-02-17T11:48:56","modified_gmt":"2023-02-17T10:48:56","slug":"sant-adria-celebra-el-carnaval","status":"publish","type":"post","link":"https:\/\/www.areabesos.com\/diario\/sant-adria-celebra-el-carnaval\/","title":{"rendered":"Sant Adri\u00e0 celebra el Carnaval"},"content":{"rendered":"\n<p>El proper dissabte 18 de&nbsp;febrer Sant Adri\u00e0 celebra el Carnaval amb dues activitats adre\u00e7ades a grans i petits:<\/p>\n\n\n\n<ul class=\"wp-block-list\">\n<li><strong>Festa infantil<\/strong>&nbsp;a la pla\u00e7a de la Vila, a les 12 h. Animaci\u00f3 infantil i gresca perqu\u00e8 puguis lluir la disfressa.<\/li>\n\n\n\n<li><strong>Rua de carnaval<\/strong>&nbsp;per a comparses i festa final.<\/li>\n<\/ul>\n\n\n\n<p>A les 18 h, concentraci\u00f3 al c. de la Torrassa amb av. de la Platja. Sortida a les 18.30 h.<\/p>\n\n\n\n<p><strong>Recorregut:<\/strong>&nbsp;pujada (en sentit de la marxa) per l\u2019av. de la Platja, pl.&nbsp;Maci\u00e0, av. de Catalunya, pl. de la Vila, av. de Catalunya, c. de Josep Pons, c. de Ricart i entrada a la pl. de la Vila, on tindr\u00e0 lloc la rebuda i una festa amb disco m\u00f2bil fins a les 22 h.<\/p>\n\n\n\n<p><strong>Com hi pots participar?<\/strong>&nbsp;Per participar a la rua cal tenir en compte que s\u2019ha de ser un grup de m\u00e9s de deu persones que formin una unitat tem\u00e0tica coherent amb la disfressa conjunta i el nom escollit. La inscripci\u00f3 pr\u00e8via es pot fer de dues maneres: o b\u00e9 enviant un correu electr\u00f2nic a&nbsp;<a href=\"mailto:cultura@sant-adria.net\">cultura@sant-adria.net<\/a>&nbsp;amb el nom, el nombre de components i un tel\u00e8fon de contacte, o b\u00e9 al mateix lloc de la sortida. \u00danicament es consideraran comparses participants de la rua les inscrites que facin tot recorregut des de la sortida.<\/p>\n","protected":false},"excerpt":{"rendered":"<p>El proper dissabte 18 de&nbsp;febrer Sant Adri\u00e0 celebra el Carnaval amb dues activitats adre\u00e7ades a grans i petits: A les 18 h, concentraci\u00f3 al c. de la Torrassa amb av. de la Platja. Sortida a les 18.30 h. Recorregut:&nbsp;pujada (en sentit de la marxa) per l\u2019av. de la Platja, pl.&nbsp;Maci\u00e0, av. de Catalunya, pl. de [&hellip;]<\/p>\n","protected":false},"author":2,"featured_media":5931,"comment_status":"closed","ping_status":"open","sticky":false,"template":"","format":"standard","meta":{"footnotes":""},"categories":[134,136],"tags":[],"class_list":{"0":"post-5930","1":"post","2":"type-post","3":"status-publish","4":"format-standard","5":"has-post-thumbnail","7":"category-actualitat","8":"category-cultura"},"_links":{"self":[{"href":"https:\/\/www.areabesos.com\/diario\/wp-json\/wp\/v2\/posts\/5930","targetHints":{"allow":["GET"]}}],"collection":[{"href":"https:\/\/www.areabesos.com\/diario\/wp-json\/wp\/v2\/posts"}],"about":[{"href":"https:\/\/www.areabesos.com\/diario\/wp-json\/wp\/v2\/types\/post"}],"author":[{"embeddable":true,"href":"https:\/\/www.areabesos.com\/diario\/wp-json\/wp\/v2\/users\/2"}],"replies":[{"embeddable":true,"href":"https:\/\/www.areabesos.com\/diario\/wp-json\/wp\/v2\/comments?post=5930"}],"version-history":[{"count":1,"href":"https:\/\/www.areabesos.com\/diario\/wp-json\/wp\/v2\/posts\/5930\/revisions"}],"predecessor-version":[{"id":5932,"href":"https:\/\/www.areabesos.com\/diario\/wp-json\/wp\/v2\/posts\/5930\/revisions\/5932"}],"wp:featuredmedia":[{"embeddable":true,"href":"https:\/\/www.areabesos.com\/diario\/wp-json\/wp\/v2\/media\/5931"}],"wp:attachment":[{"href":"https:\/\/www.areabesos.com\/diario\/wp-json\/wp\/v2\/media?parent=5930"}],"wp:term":[{"taxonomy":"category","embeddable":true,"href":"https:\/\/www.areabesos.com\/diario\/wp-json\/wp\/v2\/categories?post=5930"},{"taxonomy":"post_tag","embeddable":true,"href":"https:\/\/www.areabesos.com\/diario\/wp-json\/wp\/v2\/tags?post=5930"}],"curies":[{"name":"wp","href":"https:\/\/api.w.org\/{rel}","templated":true}]}}