{"id":5923,"date":"2023-02-06T13:01:44","date_gmt":"2023-02-06T12:01:44","guid":{"rendered":"https:\/\/www.areabesos.com\/diario\/?p=5923"},"modified":"2023-02-06T13:01:44","modified_gmt":"2023-02-06T12:01:44","slug":"el-servei-de-transpor-public-nocturn-esta-dissenyat-des-duna-mentalitat-diurna","status":"publish","type":"post","link":"https:\/\/www.areabesos.com\/diario\/el-servei-de-transpor-public-nocturn-esta-dissenyat-des-duna-mentalitat-diurna\/","title":{"rendered":"El servei de transpor p\u00fablic nocturn est\u00e0 dissenyat des d&#8217;una mentalitat diurna"},"content":{"rendered":"\n<p>\u201cTransport P\u00fablic i Servei Nocturn\u201d \u00e9s el t\u00edtol de la primera jornada del cicle de debats que han impulsat les dues organitzacions sota el lema \u201cQualitat, Seguretat i Conviv\u00e8ncia\u201d i que ahir va comptar amb la participaci\u00f3 d\u2019institucions, experts, entitats socials i professionals del transport p\u00fablic i la seguretat.<\/p>\n\n\n\n<p>El secretari de Mobilitat del Departament de Territori de la Generalitat de Catalunya, Marc Sanglas,&nbsp; va destacar en la seva intervenci\u00f3 inaugural la necessitat d\u2019incorporar el valor de la seguretat en la millora del transport p\u00fablic i en especial va fer esment de les millores en la prevenci\u00f3 de seguretat des d\u2019una perspectiva de g\u00e8nere.<\/p>\n\n\n\n<p>La jornada va convidar l\u2019expert internacional en Mobilitat, temporalitat i nit, Luc Gwyazdzinski, professor de l\u2019Escola d\u2019Arquitectura de Toulose, que va introduir el concepte d\u2019Urbanisme Nocturn\u201d associat a la reflexi\u00f3 sobre la necessitat de pensar i dissenyar els serveis de transport p\u00fablic de nit, entenent el comportament hum\u00e0 i social a la nit aix\u00ed com tots els factors que hi concorren i no des d\u2019una perspectiva di\u00fcrna, com a extensi\u00f3 del servei de dia.<\/p>\n\n\n\n<div><a href=\"https:\/\/www.areabesos.com\/diario\/wp-content\/uploads\/2023\/02\/DSC05823-1024x570.jpg\" class=\"td-modal-image\"><figure class=\"wp-block-image size-large\"><img loading=\"lazy\" decoding=\"async\" width=\"1024\" height=\"570\" src=\"https:\/\/www.areabesos.com\/diario\/wp-content\/uploads\/2023\/02\/DSC05823-1024x570.jpg\" alt=\"\" class=\"wp-image-5924\" srcset=\"https:\/\/www.areabesos.com\/diario\/wp-content\/uploads\/2023\/02\/DSC05823-1024x570.jpg 1024w, https:\/\/www.areabesos.com\/diario\/wp-content\/uploads\/2023\/02\/DSC05823-300x167.jpg 300w, https:\/\/www.areabesos.com\/diario\/wp-content\/uploads\/2023\/02\/DSC05823-768x428.jpg 768w, https:\/\/www.areabesos.com\/diario\/wp-content\/uploads\/2023\/02\/DSC05823-150x84.jpg 150w, https:\/\/www.areabesos.com\/diario\/wp-content\/uploads\/2023\/02\/DSC05823-696x387.jpg 696w, https:\/\/www.areabesos.com\/diario\/wp-content\/uploads\/2023\/02\/DSC05823-1068x595.jpg 1068w, https:\/\/www.areabesos.com\/diario\/wp-content\/uploads\/2023\/02\/DSC05823.jpg 1200w\" sizes=\"auto, (max-width: 1024px) 100vw, 1024px\" \/><\/figure><\/a><\/div>\n\n\n\n<p>La taula de debat al voltant del \u201cTransport P\u00fablic i Oci Nocturn\u201d va comptar amb la participaci\u00f3 del sotscap de la Divisi\u00f3 Territorial de la Gu\u00e0rdia Urbana de Barcelona, Pedro Jim\u00e9nez, Julia Rosanna S\u00e1nchez, presidenta del Consell Nacional de la Joventut de Catalunya, Benjam\u00edn Cubillo, sotsdirector general de Transport P\u00fablic per Carretera i Mobilitat del Departament de Territori i Francisco Jos\u00e9 Gonz\u00e1lez, subdirector de l\u2019\u00c0rea de Tr\u00e0nsit i Operacions de TUSGSAL.<\/p>\n\n\n\n<p>Els participants van coincidir en el fet que les dades indiquen que el servei de transport p\u00fablic nocturn \u00e9s segur i que la conflictivitat es concentra en uns serveis espec\u00edfics, amb tot \u00e9s evident que el repte \u00e9s treballar per a la millora de la percepci\u00f3 de seguretat i aquest objectiu passa per una aposta per la reducci\u00f3 dels comportaments inc\u00edvics i l\u2019activaci\u00f3 de sistemes d\u2019informaci\u00f3 que facilitin la den\u00fancia dels ciutadans aix\u00ed com la defensa davant d\u2019agressions sexuals.<\/p>\n\n\n\n<p>La jornada va finalitzar amb un di\u00e0leg entre la periodista de El Punt, Sara Mu\u00f1oz i les conductores M\u00f3nica Valero i Remedios Mart\u00edn sobre les seves experi\u00e8ncies en la prestaci\u00f3 del servei de NitBus.<\/p>\n","protected":false},"excerpt":{"rendered":"<p>\u201cTransport P\u00fablic i Servei Nocturn\u201d \u00e9s el t\u00edtol de la primera jornada del cicle de debats que han impulsat les dues organitzacions sota el lema \u201cQualitat, Seguretat i Conviv\u00e8ncia\u201d i que ahir va comptar amb la participaci\u00f3 d\u2019institucions, experts, entitats socials i professionals del transport p\u00fablic i la seguretat. El secretari de Mobilitat del Departament [&hellip;]<\/p>\n","protected":false},"author":2,"featured_media":5925,"comment_status":"closed","ping_status":"open","sticky":false,"template":"","format":"standard","meta":{"footnotes":""},"categories":[134],"tags":[],"class_list":{"0":"post-5923","1":"post","2":"type-post","3":"status-publish","4":"format-standard","5":"has-post-thumbnail","7":"category-actualitat"},"_links":{"self":[{"href":"https:\/\/www.areabesos.com\/diario\/wp-json\/wp\/v2\/posts\/5923","targetHints":{"allow":["GET"]}}],"collection":[{"href":"https:\/\/www.areabesos.com\/diario\/wp-json\/wp\/v2\/posts"}],"about":[{"href":"https:\/\/www.areabesos.com\/diario\/wp-json\/wp\/v2\/types\/post"}],"author":[{"embeddable":true,"href":"https:\/\/www.areabesos.com\/diario\/wp-json\/wp\/v2\/users\/2"}],"replies":[{"embeddable":true,"href":"https:\/\/www.areabesos.com\/diario\/wp-json\/wp\/v2\/comments?post=5923"}],"version-history":[{"count":1,"href":"https:\/\/www.areabesos.com\/diario\/wp-json\/wp\/v2\/posts\/5923\/revisions"}],"predecessor-version":[{"id":5926,"href":"https:\/\/www.areabesos.com\/diario\/wp-json\/wp\/v2\/posts\/5923\/revisions\/5926"}],"wp:featuredmedia":[{"embeddable":true,"href":"https:\/\/www.areabesos.com\/diario\/wp-json\/wp\/v2\/media\/5925"}],"wp:attachment":[{"href":"https:\/\/www.areabesos.com\/diario\/wp-json\/wp\/v2\/media?parent=5923"}],"wp:term":[{"taxonomy":"category","embeddable":true,"href":"https:\/\/www.areabesos.com\/diario\/wp-json\/wp\/v2\/categories?post=5923"},{"taxonomy":"post_tag","embeddable":true,"href":"https:\/\/www.areabesos.com\/diario\/wp-json\/wp\/v2\/tags?post=5923"}],"curies":[{"name":"wp","href":"https:\/\/api.w.org\/{rel}","templated":true}]}}