{"id":5919,"date":"2023-02-03T13:03:47","date_gmt":"2023-02-03T12:03:47","guid":{"rendered":"https:\/\/www.areabesos.com\/diario\/?p=5919"},"modified":"2023-02-03T13:03:47","modified_gmt":"2023-02-03T12:03:47","slug":"campanya-de-foment-del-reciclatge-actuem-per-la-ciutat-que-volem","status":"publish","type":"post","link":"https:\/\/www.areabesos.com\/diario\/campanya-de-foment-del-reciclatge-actuem-per-la-ciutat-que-volem\/","title":{"rendered":"<strong>Campanya de foment del reciclatge: \u00abActuem per la ciutat que volem\u00bb<\/strong>"},"content":{"rendered":"\n<p>El Servei de Medi Ambient de l\u2019Ajuntament de Sant Adri\u00e0 posa en marxa el projecte \u00abActuem per la ciutat que volem\u00bb. La campanya, que es desenvolupar\u00e0 del 6 de febrer al 17 de mar\u00e7, t\u00e9 com objectiu millorar els \u00edndexs de participaci\u00f3 ciutadana en la recollida selectiva de residus.<\/p>\n\n\n\n<p>Una de les accions destacades s\u00f3n les xerrades informatives sobre com reciclar b\u00e9 i millor, totes les eines que com a ciutadans tenen al seu abast i la situaci\u00f3 de l\u2019actual emerg\u00e8ncia clim\u00e0tica.<\/p>\n\n\n\n<p>Del 7 al 10 de febrer se\u2019n realitzaran als diferents barris del municipi.<\/p>\n\n\n\n<div><a href=\"https:\/\/www.areabesos.com\/diario\/wp-content\/uploads\/2023\/02\/campanya-foment-reciclatge_actes-1024x610.jpg\" class=\"td-modal-image\"><figure class=\"wp-block-image size-large\"><img loading=\"lazy\" decoding=\"async\" width=\"1024\" height=\"610\" src=\"https:\/\/www.areabesos.com\/diario\/wp-content\/uploads\/2023\/02\/campanya-foment-reciclatge_actes-1024x610.jpg\" alt=\"\" class=\"wp-image-5920\" srcset=\"https:\/\/www.areabesos.com\/diario\/wp-content\/uploads\/2023\/02\/campanya-foment-reciclatge_actes-1024x610.jpg 1024w, https:\/\/www.areabesos.com\/diario\/wp-content\/uploads\/2023\/02\/campanya-foment-reciclatge_actes-300x179.jpg 300w, https:\/\/www.areabesos.com\/diario\/wp-content\/uploads\/2023\/02\/campanya-foment-reciclatge_actes-768x458.jpg 768w, https:\/\/www.areabesos.com\/diario\/wp-content\/uploads\/2023\/02\/campanya-foment-reciclatge_actes-150x89.jpg 150w, https:\/\/www.areabesos.com\/diario\/wp-content\/uploads\/2023\/02\/campanya-foment-reciclatge_actes-696x415.jpg 696w, https:\/\/www.areabesos.com\/diario\/wp-content\/uploads\/2023\/02\/campanya-foment-reciclatge_actes-1068x636.jpg 1068w, https:\/\/www.areabesos.com\/diario\/wp-content\/uploads\/2023\/02\/campanya-foment-reciclatge_actes.jpg 1200w\" sizes=\"auto, (max-width: 1024px) 100vw, 1024px\" \/><\/figure><\/a><\/div>\n\n\n\n<p>Posteriorment, tamb\u00e9 es visitaran totes els blocs de pisos amb m\u00e9s alta densitat de poblaci\u00f3, on es faran xerrades informatives en el mateix portal. A m\u00e9s a m\u00e9s, es donar\u00e0 als ciutadans i ciutadanes un magn\u00e8tic on s\u2019informar\u00e0 sobre com i quan s\u2019han de treure els mobles i trastos vells, aix\u00ed com el tel\u00e8fon del servei de recollida concertada de voluminosos.<\/p>\n\n\n\n<p>L\u2019objectiu de totes aquestes accions \u00e9s conscienciar sobre la import\u00e0ncia de fer un bon reciclatge dels residus que generem per tal de tenir una ciutat m\u00e9s neta i acollidora. Quan separem els residus a casa i els posem al contenidor que correspon estem actuant contra l\u2019emerg\u00e8ncia clim\u00e0tica. Si reciclem ajudem a estalviar mat\u00e8ries primeres, energia i emissions de CO2. Si no separem els residus no es poden recuperar ni reciclar per poder tornar a ser utilitzats i aix\u00f2 implica que acabin a la incineradora o a l\u2019abocador, el que suposa un augment del costos de gesti\u00f3 per a tots els ve\u00efns i ve\u00efnes de Sant Adri\u00e0 de Bes\u00f2s.<\/p>\n","protected":false},"excerpt":{"rendered":"<p>El Servei de Medi Ambient de l\u2019Ajuntament de Sant Adri\u00e0 posa en marxa el projecte \u00abActuem per la ciutat que volem\u00bb. La campanya, que es desenvolupar\u00e0 del 6 de febrer al 17 de mar\u00e7, t\u00e9 com objectiu millorar els \u00edndexs de participaci\u00f3 ciutadana en la recollida selectiva de residus. Una de les accions destacades s\u00f3n [&hellip;]<\/p>\n","protected":false},"author":1,"featured_media":5921,"comment_status":"closed","ping_status":"open","sticky":false,"template":"","format":"standard","meta":{"footnotes":""},"categories":[134,135],"tags":[],"class_list":{"0":"post-5919","1":"post","2":"type-post","3":"status-publish","4":"format-standard","5":"has-post-thumbnail","7":"category-actualitat","8":"category-societat"},"_links":{"self":[{"href":"https:\/\/www.areabesos.com\/diario\/wp-json\/wp\/v2\/posts\/5919","targetHints":{"allow":["GET"]}}],"collection":[{"href":"https:\/\/www.areabesos.com\/diario\/wp-json\/wp\/v2\/posts"}],"about":[{"href":"https:\/\/www.areabesos.com\/diario\/wp-json\/wp\/v2\/types\/post"}],"author":[{"embeddable":true,"href":"https:\/\/www.areabesos.com\/diario\/wp-json\/wp\/v2\/users\/1"}],"replies":[{"embeddable":true,"href":"https:\/\/www.areabesos.com\/diario\/wp-json\/wp\/v2\/comments?post=5919"}],"version-history":[{"count":1,"href":"https:\/\/www.areabesos.com\/diario\/wp-json\/wp\/v2\/posts\/5919\/revisions"}],"predecessor-version":[{"id":5922,"href":"https:\/\/www.areabesos.com\/diario\/wp-json\/wp\/v2\/posts\/5919\/revisions\/5922"}],"wp:featuredmedia":[{"embeddable":true,"href":"https:\/\/www.areabesos.com\/diario\/wp-json\/wp\/v2\/media\/5921"}],"wp:attachment":[{"href":"https:\/\/www.areabesos.com\/diario\/wp-json\/wp\/v2\/media?parent=5919"}],"wp:term":[{"taxonomy":"category","embeddable":true,"href":"https:\/\/www.areabesos.com\/diario\/wp-json\/wp\/v2\/categories?post=5919"},{"taxonomy":"post_tag","embeddable":true,"href":"https:\/\/www.areabesos.com\/diario\/wp-json\/wp\/v2\/tags?post=5919"}],"curies":[{"name":"wp","href":"https:\/\/api.w.org\/{rel}","templated":true}]}}