{"id":5912,"date":"2023-02-01T11:20:10","date_gmt":"2023-02-01T10:20:10","guid":{"rendered":"https:\/\/www.areabesos.com\/diario\/?p=5912"},"modified":"2023-02-01T11:20:11","modified_gmt":"2023-02-01T10:20:11","slug":"inici-del-cicle-de-debats-organitzat-per-tusgsal-direxis-i-la-fundacio-per-a-la-seguretat-publica","status":"publish","type":"post","link":"https:\/\/www.areabesos.com\/diario\/inici-del-cicle-de-debats-organitzat-per-tusgsal-direxis-i-la-fundacio-per-a-la-seguretat-publica\/","title":{"rendered":"Inici del cicle de debats organitzat per Tusgsal Direxis i la Fundaci\u00f3 per a la Seguretat P\u00fablica"},"content":{"rendered":"\n<p>Aquest proper dijous, 2 de febrer, comen\u00e7a a Badalona el cicle de debats sobre \u00abSeguretat i transport p\u00fablic. Qualitat, seguretat i conviv\u00e8ncia\u00bb organitzat per Tusgsal Direxis i la Fundaci\u00f3 per a la Seguretat P\u00fablica. L&#8217;acte tindr\u00e0 lloc a l&#8217;Hotel Marina Badalona (Av. Eduard Maristany, 227) a partir de les 9 hores i tindr\u00e0 com a tema principal el transport p\u00fablic. El cicle continuar\u00e0 el mes de mar\u00e7 amb dues sessions m\u00e9s, una dedicada a seguretat i g\u00e8nere, i l&#8217;altra al transport p\u00fablic com a espai de conviv\u00e8ncia. <\/p>\n\n\n\n<p>Aquest \u00e9s el programa complert de l&#8217;acte:<\/p>\n\n\n\n<div><a href=\"https:\/\/www.areabesos.com\/diario\/wp-content\/uploads\/2023\/02\/PROGRAMA-JORNADA-2-FEBRER-1-1024x728.jpg\" class=\"td-modal-image\"><figure class=\"wp-block-image size-large\"><img loading=\"lazy\" decoding=\"async\" width=\"1024\" height=\"728\" src=\"https:\/\/www.areabesos.com\/diario\/wp-content\/uploads\/2023\/02\/PROGRAMA-JORNADA-2-FEBRER-1-1024x728.jpg\" alt=\"\" class=\"wp-image-5914\" srcset=\"https:\/\/www.areabesos.com\/diario\/wp-content\/uploads\/2023\/02\/PROGRAMA-JORNADA-2-FEBRER-1-1024x728.jpg 1024w, https:\/\/www.areabesos.com\/diario\/wp-content\/uploads\/2023\/02\/PROGRAMA-JORNADA-2-FEBRER-1-300x213.jpg 300w, https:\/\/www.areabesos.com\/diario\/wp-content\/uploads\/2023\/02\/PROGRAMA-JORNADA-2-FEBRER-1-768x546.jpg 768w, https:\/\/www.areabesos.com\/diario\/wp-content\/uploads\/2023\/02\/PROGRAMA-JORNADA-2-FEBRER-1-150x107.jpg 150w, https:\/\/www.areabesos.com\/diario\/wp-content\/uploads\/2023\/02\/PROGRAMA-JORNADA-2-FEBRER-1-696x495.jpg 696w, https:\/\/www.areabesos.com\/diario\/wp-content\/uploads\/2023\/02\/PROGRAMA-JORNADA-2-FEBRER-1-1068x759.jpg 1068w, https:\/\/www.areabesos.com\/diario\/wp-content\/uploads\/2023\/02\/PROGRAMA-JORNADA-2-FEBRER-1.jpg 1200w\" sizes=\"auto, (max-width: 1024px) 100vw, 1024px\" \/><\/figure><\/a><\/div>\n","protected":false},"excerpt":{"rendered":"<p>Aquest proper dijous, 2 de febrer, comen\u00e7a a Badalona el cicle de debats sobre \u00abSeguretat i transport p\u00fablic. Qualitat, seguretat i conviv\u00e8ncia\u00bb organitzat per Tusgsal Direxis i la Fundaci\u00f3 per a la Seguretat P\u00fablica. L&#8217;acte tindr\u00e0 lloc a l&#8217;Hotel Marina Badalona (Av. Eduard Maristany, 227) a partir de les 9 hores i tindr\u00e0 com a [&hellip;]<\/p>\n","protected":false},"author":1,"featured_media":5913,"comment_status":"closed","ping_status":"open","sticky":false,"template":"","format":"standard","meta":{"footnotes":""},"categories":[134,142,135],"tags":[],"class_list":{"0":"post-5912","1":"post","2":"type-post","3":"status-publish","4":"format-standard","5":"has-post-thumbnail","7":"category-actualitat","8":"category-comarca","9":"category-societat"},"_links":{"self":[{"href":"https:\/\/www.areabesos.com\/diario\/wp-json\/wp\/v2\/posts\/5912","targetHints":{"allow":["GET"]}}],"collection":[{"href":"https:\/\/www.areabesos.com\/diario\/wp-json\/wp\/v2\/posts"}],"about":[{"href":"https:\/\/www.areabesos.com\/diario\/wp-json\/wp\/v2\/types\/post"}],"author":[{"embeddable":true,"href":"https:\/\/www.areabesos.com\/diario\/wp-json\/wp\/v2\/users\/1"}],"replies":[{"embeddable":true,"href":"https:\/\/www.areabesos.com\/diario\/wp-json\/wp\/v2\/comments?post=5912"}],"version-history":[{"count":1,"href":"https:\/\/www.areabesos.com\/diario\/wp-json\/wp\/v2\/posts\/5912\/revisions"}],"predecessor-version":[{"id":5915,"href":"https:\/\/www.areabesos.com\/diario\/wp-json\/wp\/v2\/posts\/5912\/revisions\/5915"}],"wp:featuredmedia":[{"embeddable":true,"href":"https:\/\/www.areabesos.com\/diario\/wp-json\/wp\/v2\/media\/5913"}],"wp:attachment":[{"href":"https:\/\/www.areabesos.com\/diario\/wp-json\/wp\/v2\/media?parent=5912"}],"wp:term":[{"taxonomy":"category","embeddable":true,"href":"https:\/\/www.areabesos.com\/diario\/wp-json\/wp\/v2\/categories?post=5912"},{"taxonomy":"post_tag","embeddable":true,"href":"https:\/\/www.areabesos.com\/diario\/wp-json\/wp\/v2\/tags?post=5912"}],"curies":[{"name":"wp","href":"https:\/\/api.w.org\/{rel}","templated":true}]}}