{"id":5899,"date":"2023-01-26T10:32:45","date_gmt":"2023-01-26T09:32:45","guid":{"rendered":"https:\/\/www.areabesos.com\/diario\/?p=5899"},"modified":"2023-01-26T10:32:45","modified_gmt":"2023-01-26T09:32:45","slug":"lajuntament-de-badalona-i-drets-socials-impulsen-un-projecte-pilot-dinclusio-residencial-als-barris-de-sant-roc-i-artigues","status":"publish","type":"post","link":"https:\/\/www.areabesos.com\/diario\/lajuntament-de-badalona-i-drets-socials-impulsen-un-projecte-pilot-dinclusio-residencial-als-barris-de-sant-roc-i-artigues\/","title":{"rendered":"L\u2019Ajuntament de Badalona i Drets Socials impulsen un projecte pilot d\u2019inclusi\u00f3 residencial als barris de Sant Roc i Artigues\u00a0"},"content":{"rendered":"\n<p>L\u2019Ajuntament de Badalona i el Departament de Drets Socials de la Generalitat de Catalunya han arribat a un acord per desplegar un projecte pilot d\u2019acci\u00f3 comunit\u00e0ria en inclusi\u00f3 residencial als barris de Sant Roc i Artigues. Ho han oficialitzat avui l\u2019alcalde de Badalona, Rub\u00e9n Guijarro i el conseller Carles Campuzano en el decurs de la visita que ha efectuat aquest migdia a Badalona.&nbsp;<\/p>\n\n\n\n<p>Els objectius d\u2019aquest projecte s\u00f3n: facilitar l\u2019organitzaci\u00f3 dels propietaris i els llogaters de les finques, de cara a garantir-ne el seu bon \u00fas i manteniment; millorar les relacions de conviv\u00e8ncia; desenvolupar pautes de gesti\u00f3 ve\u00efnal dels b\u00e9ns comuns i l\u2019espai p\u00fablic, i detectar les situacions d\u2019exclusi\u00f3 residencial severa que puguin comportar una atenci\u00f3 social espec\u00edfica. &nbsp;<\/p>\n\n\n\n<p>El programa neix amb la voluntat d\u2019estendre\u2019s a altres barris de Catalunya que presentin condicions de segregaci\u00f3 urbana, concentraci\u00f3 de necessitats socials i vulnerabilitat residencial.&nbsp; &nbsp;<\/p>\n\n\n\n<p>El projecte tindr\u00e0 una durada de 2023 a 2025, amb possibilitat de pr\u00f2rroga, i el Departament de Drets Socials el finan\u00e7ar\u00e0 amb 120.000 euros anuals, que es destinaran a cobrir les necessitats de personal i a serveis jur\u00eddics. &nbsp;<\/p>\n\n\n\n<p>Entre els mesos de gener i mar\u00e7 de 2023, la Direcci\u00f3 General d\u2019Acci\u00f3 C\u00edvica i Comunit\u00e0ria del Departament de Drets Socials, d\u2019una banda, i l\u2019Ajuntament de Badalona, de l\u2019altra, desplegaran metodol\u00f2gicament aquest projecte pilot, en detallaran les necessitats professionals i econ\u00f2miques, i establiran la f\u00f3rmula jur\u00eddica de la col\u00b7laboraci\u00f3 entre ambdues administracions, que priorit\u00e0riament prendr\u00e0 la figura de conveni. L\u2019objectiu \u00e9s iniciar-lo enguany. &nbsp;<\/p>\n\n\n\n<p>Aquest projecte \u00e9s hereu de la tasca desenvolupada pel Consorci Badalona Sud (CBS), organisme que es va acordar dissoldre el passat mes d\u2019abril. A partir d\u2019aquesta decisi\u00f3 consensuada,&nbsp; l\u2019Ajuntament de Badalona va assumir tots els serveis objecte del CBS, dins de l\u2019\u00e0mbit de les seves compet\u00e8ncies municipals.&nbsp;<\/p>\n\n\n\n<p>L\u2019alcalde de Badalona, Rub\u00e9n Guijarro, ha assenyalat que: \u201cAmb aquest acord disposarem d&#8217;una implicaci\u00f3 real de la Generalitat de Catalunya per posar les eines i recursos necessaris per tirar endavant projectes de mediaci\u00f3 i conviv\u00e8ncia als barris de Sant Roc i Artigues. Feia temps que aquesta zona de la ciutat necessitava aquests recursos per poder millorar la qualitat de vida dels seus ve\u00efns\u201d.&nbsp;<\/p>\n\n\n\n<p>El conseller de Drets Socials, Carles Campuzano ha destacat que: \u201cEl projecte organitzar\u00e0 comunitats de ve\u00efns perqu\u00e8 siguin els mateixos ve\u00efns i ve\u00efnes qui intervinguin en la millora dels espais comuns i de les relacions de conviv\u00e8ncia. Alhora, ha de permetre detectar necessitats socials que puguin ser ateses pels dispositius d&#8217;inclusi\u00f3 social. Compartim amb Badalona i el seu Ajuntament el repte de fer un pa\u00eds m\u00e9s just i m\u00e9s pr\u00f2sper, i tamb\u00e9 la necessitat que les administracions treballem plegades.&nbsp;<\/p>\n","protected":false},"excerpt":{"rendered":"<p>L\u2019Ajuntament de Badalona i el Departament de Drets Socials de la Generalitat de Catalunya han arribat a un acord per desplegar un projecte pilot d\u2019acci\u00f3 comunit\u00e0ria en inclusi\u00f3 residencial als barris de Sant Roc i Artigues. Ho han oficialitzat avui l\u2019alcalde de Badalona, Rub\u00e9n Guijarro i el conseller Carles Campuzano en el decurs de la [&hellip;]<\/p>\n","protected":false},"author":2,"featured_media":5900,"comment_status":"closed","ping_status":"open","sticky":false,"template":"","format":"standard","meta":{"footnotes":""},"categories":[134,142,135],"tags":[],"class_list":{"0":"post-5899","1":"post","2":"type-post","3":"status-publish","4":"format-standard","5":"has-post-thumbnail","7":"category-actualitat","8":"category-comarca","9":"category-societat"},"_links":{"self":[{"href":"https:\/\/www.areabesos.com\/diario\/wp-json\/wp\/v2\/posts\/5899","targetHints":{"allow":["GET"]}}],"collection":[{"href":"https:\/\/www.areabesos.com\/diario\/wp-json\/wp\/v2\/posts"}],"about":[{"href":"https:\/\/www.areabesos.com\/diario\/wp-json\/wp\/v2\/types\/post"}],"author":[{"embeddable":true,"href":"https:\/\/www.areabesos.com\/diario\/wp-json\/wp\/v2\/users\/2"}],"replies":[{"embeddable":true,"href":"https:\/\/www.areabesos.com\/diario\/wp-json\/wp\/v2\/comments?post=5899"}],"version-history":[{"count":1,"href":"https:\/\/www.areabesos.com\/diario\/wp-json\/wp\/v2\/posts\/5899\/revisions"}],"predecessor-version":[{"id":5901,"href":"https:\/\/www.areabesos.com\/diario\/wp-json\/wp\/v2\/posts\/5899\/revisions\/5901"}],"wp:featuredmedia":[{"embeddable":true,"href":"https:\/\/www.areabesos.com\/diario\/wp-json\/wp\/v2\/media\/5900"}],"wp:attachment":[{"href":"https:\/\/www.areabesos.com\/diario\/wp-json\/wp\/v2\/media?parent=5899"}],"wp:term":[{"taxonomy":"category","embeddable":true,"href":"https:\/\/www.areabesos.com\/diario\/wp-json\/wp\/v2\/categories?post=5899"},{"taxonomy":"post_tag","embeddable":true,"href":"https:\/\/www.areabesos.com\/diario\/wp-json\/wp\/v2\/tags?post=5899"}],"curies":[{"name":"wp","href":"https:\/\/api.w.org\/{rel}","templated":true}]}}