{"id":5893,"date":"2023-01-22T11:25:42","date_gmt":"2023-01-22T10:25:42","guid":{"rendered":"https:\/\/www.areabesos.com\/diario\/?p=5893"},"modified":"2023-01-23T11:30:07","modified_gmt":"2023-01-23T10:30:07","slug":"puigdemont-es-el-miedo-de-sanchez-a-la-derrota-y-dos-manifestaciones","status":"publish","type":"post","link":"https:\/\/www.areabesos.com\/diario\/puigdemont-es-el-miedo-de-sanchez-a-la-derrota-y-dos-manifestaciones\/","title":{"rendered":"<strong>Puigdemont es el miedo de S\u00e1nchez a la derrota y dos manifestaciones<\/strong>"},"content":{"rendered":"\n<p>El 10 de enero de 2016 Puigdemont fue investido presidente de la Generalitat de Catalunya, aunque quien lideraba la coalici\u00f3n vencedora en las catalanas de septiembre de 2015 era Artur M\u00e1s, pero los necesarios esca\u00f1os de la CUP le negaron sus votos a pesar de que ven\u00eda de organizar la consulta popular del 9N de 2014 en la que participaron cientos de miles de catalanes y por la que el Estado le ha embargado las cuentas.<\/p>\n\n\n\n<p>Siendo honestos, debemos reconocer que en aquel mes de enero de hace siete a\u00f1os muy pocas personas pod\u00edan imaginar algunas de las cosas que despu\u00e9s sucedieron. Siga leyendo, si lo desea, e intente recordar si conoce alguien que anunciara entonces como posibles estas dos premoniciones.<\/p>\n\n\n\n<p>Nueve meses despu\u00e9s S\u00e1nchez fue derrocado por un contubernio de diputados y barones del PSOE aliados con Felipe Gonz\u00e1lez y el Grupo PRISA, siendo despu\u00e9s todos ellos tan in\u00fatiles en la gesti\u00f3n del periodo de transici\u00f3n que hab\u00edan abierto que consiguieron que los afiliados encumbraran de nuevo al destronado.<\/p>\n\n\n\n<p>Y hoy, siete a\u00f1os despu\u00e9s, desde un exilio europarlamentario que gan\u00f3 en mayo de 2019 convenciendo a sus votantes (tal como hizo S\u00e1nchez en mayo de 2017 en las Primarias del PSOE), Puigdemont est\u00e1 marcando las agendas pol\u00edtica y legislativa y proyectando sobre la Moncloa la sombra de una derrota electoral que, si sucede, tendr\u00e1 mucho que ver con la prepotencia verbal que el propio S\u00e1nchez se permiti\u00f3 contra el catal\u00e1n el 6 de noviembre de 2019.<\/p>\n\n\n\n<p>Sigo sin recordar a nadie de mi entorno que anunciara entonces alguno de esos dos futuros que se hicieron realidad, pero, en cambio, si usted escribe hoy \u201cS\u00e1nchez Puigdemont fiscal\u201d en Google, los titulares que le mostrar\u00e1 la primera pantalla corresponden todos a aquel 06\/11\/19 fecha, a pesar de que han pasado m\u00e1s de tres a\u00f1os. Dir\u00e1n cosas parecidas a estas tres que copio:<\/p>\n\n\n\n<p>\u201c<em>Pedro S\u00e1nchez presume de que la fiscal\u00eda depende del gobierno para prometer que traer\u00e1 a Puigdemont<\/em>\u201d.<\/p>\n\n\n\n<p>\u201c<em>Los fiscales cargan contra S\u00e1nchez por poner en duda su independencia<\/em>\u2026\u201d.<\/p>\n\n\n\n<p>\u201c<em>S\u00e1nchez tensa su campa\u00f1a al sugerir que controla la fiscal\u00eda<\/em>\u201d.<\/p>\n\n\n\n<p>Quiz\u00e1s aquella chuler\u00eda le sirvi\u00f3 para que el PSOE perdiera solo tres esca\u00f1os respecto de los conseguidos en las elecciones celebradas cinco meses antes, pero ahora queda menos de un a\u00f1o para la nueva cita con las urnas y no solo S\u00e1nchez no ha cumplido, sino que nada indica que la agenda 2023 de Puigdemont ante la Justicia europea le permita conseguirlo.<\/p>\n\n\n\n<p>Y, para m\u00e1s inri, hay noticias definitivas que confirman la eficacia pol\u00edtica de la estrategia del catal\u00e1n. Por ejemplo, el 22 de diciembre pasado la Agencia EFE desde Bruselas: \u201cJunqueras se queda sin opci\u00f3n de entrar en la Euroc\u00e1mara\u201d, lo que demuestra al mismo tiempo que si Puigdemont se hubiera entregado a la justicia espa\u00f1ola tras el 1\/10\/2017 hoy no ser\u00eda eurodiputado y que s\u00ed lo ser\u00eda Junqueras si hubiera decidido exiliarse con su President.<\/p>\n\n\n\n<p>Desesperado S\u00e1nchez ante la incapacidad de responder a las preguntas sobre el incumplimiento de su promesa que le llover\u00e1n durante este a\u00f1o electoral, lo primero que se le ocurri\u00f3 fueron las reformas legislativas de la sedici\u00f3n y la malversaci\u00f3n, con un m\u00e1s que dudoso recorrido en Europa.<\/p>\n\n\n\n<p>Y, quiz\u00e1s incapaz de distinguir entre deseo y realidad, se le ocurri\u00f3 convocar la cumbre hispano gala en Barcelona, lo que ha permitido conseguir dos \u201c\u00e9xitos\u201d de tal alcance que solo un visionario suicida cavando su propia tumba podr\u00eda atreverse a intentar.<\/p>\n\n\n\n<p>Porque los humanos normales somos incapaces de comprender como no pudo prever S\u00e1nchez que con lo de Macron en Barcelona conseguir\u00eda, no solo que muchos de ERC y JxCat volvieran a manifestarse juntos por la independencia de Catalunya, sino tambi\u00e9n devolver a Puigdemont a las portadas. Yo mismo acabo de comprobar que llevaba un a\u00f1o sin incluir ese apellido en ninguno de los t\u00edtulos de los m\u00e1s de 80 art\u00edculos que he enviado a publicar.<\/p>\n\n\n\n<p>Y, en contra de la creencia en el final del \u201cProces\u201d que S\u00e1nchez no deja de repetir, hoy es imposible explicar el \u00e9xito de la manifestaci\u00f3n convocada por Vox en Madrid ayer s\u00e1bado sin entender que muchos de sus asistentes por lo que acudieron fue para responder a los independentistas que asistieron a la convocada dos d\u00edas antes en Barcelona. Les movi\u00f3 el mismo impulso que a los que siguen sacando la bandera de Espa\u00f1a a sus balcones desde octubre de 2017. &nbsp;<\/p>\n\n\n\n<p>No ha resultado extra\u00f1o, pues, que, acorralado por sus propios errores, ayer tambi\u00e9n y desde Valladolid, Pedro S\u00e1nchez haya cometido la indecencia intelectual de comparar, de manera plenamente consciente, a los \u201cnost\u00e1lgicos\u201d que se manifestaban en Barcelona \u201cpor una Espa\u00f1a rota\u201d con los \u201cnost\u00e1lgicos\u201d que se manifestaban en Madrid por \u201cuna Espa\u00f1a uniforme y excluyente\u201d cuyo nombre, mejor que cualquier otro, es el de franquista.<\/p>\n\n\n\n<p>Parece mentira que S\u00e1nchez siga sin darse cuenta del significado hist\u00f3rico de haber ganado en 2018 la primera moci\u00f3n de censura desde que se celebran elecciones democr\u00e1ticas, y tampoco de que las dos victorias sucesivas que legitimaron en las urnas su \u00e9xito en el Congreso demuestran que m\u00e1s de 40 son demasiados a\u00f1os para no haber convocado a la sociedad a participar en la construcci\u00f3n de una nueva Constituci\u00f3n desde el principio hasta el final.<\/p>\n\n\n\n<p>Hoy es Ayuso la que, intuitiva y atrevida donde las haya, ha convertido en mensaje del miedo los cambios imprescindibles para limpiar las herencias autoritarias que degradan la democracia espa\u00f1ola, y no pasa d\u00eda sin que advierta que S\u00e1nchez traer\u00e1 una rep\u00fablica para transmitir el terror a una nueva guerra civil, consiguiendo que S\u00e1nchez se agarrote tras morder el cebo de la madrile\u00f1a, quien podr\u00eda perder Madrid por sus excesos, pero contribuir\u00e1 a ganar el gobierno de Espa\u00f1a para los autoritarios m\u00e1s peligrosos.<\/p>\n\n\n\n<p>Me temo que la suerte est\u00e1 echada y no me atrevo a especular, pero, me pregunto: \u00bfse atrever\u00e1 S\u00e1nchez a abrir el gran mel\u00f3n ante una victoria arrasadora de los independentistas catalanes en sus municipales, incluida Barcelona?<\/p>\n\n\n\n<p><span style=\"background-color:#0b0000\" class=\"td_text_highlight_marker\">Domingo Sanz<\/span><\/p>\n","protected":false},"excerpt":{"rendered":"<p>El 10 de enero de 2016 Puigdemont fue investido presidente de la Generalitat de Catalunya, aunque quien lideraba la coalici\u00f3n vencedora en las catalanas de septiembre de 2015 era Artur M\u00e1s, pero los necesarios esca\u00f1os de la CUP le negaron sus votos a pesar de que ven\u00eda de organizar la consulta popular del 9N de [&hellip;]<\/p>\n","protected":false},"author":2,"featured_media":1515,"comment_status":"closed","ping_status":"open","sticky":false,"template":"","format":"standard","meta":{"footnotes":""},"categories":[139],"tags":[],"class_list":{"0":"post-5893","1":"post","2":"type-post","3":"status-publish","4":"format-standard","5":"has-post-thumbnail","7":"category-opinio"},"_links":{"self":[{"href":"https:\/\/www.areabesos.com\/diario\/wp-json\/wp\/v2\/posts\/5893","targetHints":{"allow":["GET"]}}],"collection":[{"href":"https:\/\/www.areabesos.com\/diario\/wp-json\/wp\/v2\/posts"}],"about":[{"href":"https:\/\/www.areabesos.com\/diario\/wp-json\/wp\/v2\/types\/post"}],"author":[{"embeddable":true,"href":"https:\/\/www.areabesos.com\/diario\/wp-json\/wp\/v2\/users\/2"}],"replies":[{"embeddable":true,"href":"https:\/\/www.areabesos.com\/diario\/wp-json\/wp\/v2\/comments?post=5893"}],"version-history":[{"count":1,"href":"https:\/\/www.areabesos.com\/diario\/wp-json\/wp\/v2\/posts\/5893\/revisions"}],"predecessor-version":[{"id":5894,"href":"https:\/\/www.areabesos.com\/diario\/wp-json\/wp\/v2\/posts\/5893\/revisions\/5894"}],"wp:featuredmedia":[{"embeddable":true,"href":"https:\/\/www.areabesos.com\/diario\/wp-json\/wp\/v2\/media\/1515"}],"wp:attachment":[{"href":"https:\/\/www.areabesos.com\/diario\/wp-json\/wp\/v2\/media?parent=5893"}],"wp:term":[{"taxonomy":"category","embeddable":true,"href":"https:\/\/www.areabesos.com\/diario\/wp-json\/wp\/v2\/categories?post=5893"},{"taxonomy":"post_tag","embeddable":true,"href":"https:\/\/www.areabesos.com\/diario\/wp-json\/wp\/v2\/tags?post=5893"}],"curies":[{"name":"wp","href":"https:\/\/api.w.org\/{rel}","templated":true}]}}