{"id":5891,"date":"2023-01-22T11:22:40","date_gmt":"2023-01-22T10:22:40","guid":{"rendered":"https:\/\/www.areabesos.com\/diario\/?p=5891"},"modified":"2023-01-23T11:31:34","modified_gmt":"2023-01-23T10:31:34","slug":"justicia-solidaria","status":"publish","type":"post","link":"https:\/\/www.areabesos.com\/diario\/justicia-solidaria\/","title":{"rendered":"Justicia solidaria"},"content":{"rendered":"\n<p>En el reino de Espa\u00f1a se dedicar\u00e1n casi 50 mil millones de euros en gasto militar, lo mismo que la suma de casi todos los ministerios con vocaci\u00f3n social: 230 veces la partida para atender el Ingreso m\u00ednimo vital, m\u00e1s de 2,17 veces lo destinado a las prestaciones por desempleo, 10,5 veces m\u00e1s que las pensiones no contributivas, 50 veces m\u00e1s que la atenci\u00f3n a inmigrantes, m\u00e1s de 14 veces lo que se destina a las pol\u00edticas de vivienda.<\/p>\n\n\n\n<p><strong><em><strong>L<\/strong><\/em><\/strong><strong><em><strong>a juventud en Espa\u00f1a <\/strong><\/em><\/strong><strong><em><strong>se independiza de media a los 30 a\u00f1os<\/strong><\/em><\/strong><em>,<\/em> <strong><em><strong>en gran parte <\/strong><\/em><\/strong><strong><em><strong>por <\/strong><\/em><\/strong><strong><em><strong>la dificultad que encuentran para acceder a la vivienda; <\/strong><\/em><\/strong><strong><em><strong>las cifras de desahucios <\/strong><\/em><\/strong><strong><em><strong>y sus repercusiones <\/strong><\/em><\/strong><strong><em><strong>son escandalosas.<\/strong><\/em><\/strong><\/p>\n\n\n\n<p>Gran parte de la humanidad no est\u00e1 siendo tratada con respeto, recibimos cada d\u00eda un buen pu\u00f1ado de ant\u00f3nimos que no dejan en paz la palabra dignidad. Ahora que la ley de los secretos oficiales hace mucho que fue abolida, sabemos (inquietos, alarmados, desolados) que quienes destruyen ilusiones no tienen la menor intenci\u00f3n de regenerarlas, que no existe ning\u00fan lugar donde no se miente, que los nuestros nos han decepcionado, que hay quien se aprovecha de los conflictos del pr\u00f3jimo\u2026 De la teor\u00eda de roles, de Pich\u00f3n-Rivi\u00e8re, sabemos que nuestra conducta est\u00e1 supeditada a la posici\u00f3n social que ocupamos en el trabajo, en la familia, en el ocio, y que cumplimos casi siempre con lo que nos mandan.<\/p>\n\n\n\n<p>Habr\u00e1 que echarle una mano a la vida, habr\u00e1 que producir mucha m\u00e1s claridad en esta f\u00e1brica de emociones. Habr\u00e1 que seguir insistiendo en que los poderes padecen un pavor exagerado a la belleza. Habr\u00e1 que volver a repetir que hay quienes se aprovechan de los conflictos: tecn\u00f3cratas y otros que dan pu\u00f1aladas y dicen am\u00e9n a los intereses de algunos.<\/p>\n\n\n\n<p>La justicia es ciega, pero no puede cerrar los ojos a la realidad, hay que atender a la ciudadan\u00eda para hacer posible la extensi\u00f3n de la democracia.<\/p>\n\n\n\n<p>No es justa una Justicia que expulsa a familias de sus hogares (por otra parte hay que saber que quien hace las leyes nos son los jueces sino los que gobiernan), lo mismo pasa con la salud: no es cosa de sanitarios sino de las pol\u00edticas sanitarias.<\/p>\n\n\n\n<p>Fuimos a unas jornadas propiciadas por la Generalitat para hablar de problemas sobre la vivienda. Nadie habl\u00f3 de solidaridad. Pero all\u00ed hab\u00eda gente que va plantando di\u00e1logos entre el ruido del presente, activistas de la contradicci\u00f3n, mediadoras buscando cielos azules para dibujar rincones bonitos.<\/p>\n\n\n\n<p>En estos d\u00edas, IKEA promociona un <strong>concurso destinado a personas entre 18 y 30 a\u00f1os que <\/strong>premiar\u00e1 con <strong>12.000 euros las mejores ideas para<\/strong> hacer m\u00e1s f\u00e1cil el acceso a la vivienda. Me acuerdo de la Negra mientras suena <em>S\u00f3lo le pido a Dios <\/em>\u00bfSer\u00e1 que no existe?<\/p>\n\n\n\n<p><span style=\"background-color:#090000\" class=\"td_text_highlight_marker\">Francesc Reina<\/span><\/p>\n","protected":false},"excerpt":{"rendered":"<p>En el reino de Espa\u00f1a se dedicar\u00e1n casi 50 mil millones de euros en gasto militar, lo mismo que la suma de casi todos los ministerios con vocaci\u00f3n social: 230 veces la partida para atender el Ingreso m\u00ednimo vital, m\u00e1s de 2,17 veces lo destinado a las prestaciones por desempleo, 10,5 veces m\u00e1s que las [&hellip;]<\/p>\n","protected":false},"author":2,"featured_media":4540,"comment_status":"closed","ping_status":"open","sticky":false,"template":"","format":"standard","meta":{"footnotes":""},"categories":[139],"tags":[],"class_list":{"0":"post-5891","1":"post","2":"type-post","3":"status-publish","4":"format-standard","5":"has-post-thumbnail","7":"category-opinio"},"_links":{"self":[{"href":"https:\/\/www.areabesos.com\/diario\/wp-json\/wp\/v2\/posts\/5891","targetHints":{"allow":["GET"]}}],"collection":[{"href":"https:\/\/www.areabesos.com\/diario\/wp-json\/wp\/v2\/posts"}],"about":[{"href":"https:\/\/www.areabesos.com\/diario\/wp-json\/wp\/v2\/types\/post"}],"author":[{"embeddable":true,"href":"https:\/\/www.areabesos.com\/diario\/wp-json\/wp\/v2\/users\/2"}],"replies":[{"embeddable":true,"href":"https:\/\/www.areabesos.com\/diario\/wp-json\/wp\/v2\/comments?post=5891"}],"version-history":[{"count":2,"href":"https:\/\/www.areabesos.com\/diario\/wp-json\/wp\/v2\/posts\/5891\/revisions"}],"predecessor-version":[{"id":5895,"href":"https:\/\/www.areabesos.com\/diario\/wp-json\/wp\/v2\/posts\/5891\/revisions\/5895"}],"wp:featuredmedia":[{"embeddable":true,"href":"https:\/\/www.areabesos.com\/diario\/wp-json\/wp\/v2\/media\/4540"}],"wp:attachment":[{"href":"https:\/\/www.areabesos.com\/diario\/wp-json\/wp\/v2\/media?parent=5891"}],"wp:term":[{"taxonomy":"category","embeddable":true,"href":"https:\/\/www.areabesos.com\/diario\/wp-json\/wp\/v2\/categories?post=5891"},{"taxonomy":"post_tag","embeddable":true,"href":"https:\/\/www.areabesos.com\/diario\/wp-json\/wp\/v2\/tags?post=5891"}],"curies":[{"name":"wp","href":"https:\/\/api.w.org\/{rel}","templated":true}]}}