{"id":5888,"date":"2023-01-23T11:06:13","date_gmt":"2023-01-23T10:06:13","guid":{"rendered":"https:\/\/www.areabesos.com\/diario\/?p=5888"},"modified":"2023-01-23T11:06:14","modified_gmt":"2023-01-23T10:06:14","slug":"el-mhic-inaugura-lexposicio-paco-candel-i-els-altres-un-retrat-literari-de-la-immigracio-a-catalunyael-mhic-inaugura","status":"publish","type":"post","link":"https:\/\/www.areabesos.com\/diario\/el-mhic-inaugura-lexposicio-paco-candel-i-els-altres-un-retrat-literari-de-la-immigracio-a-catalunyael-mhic-inaugura\/","title":{"rendered":"El MhiC inaugura l&#8217;exposici\u00f3 \u00abPaco Candel i els altres. Un retrat literari de la immigraci\u00f3 a Catalunya\u00bbEl MhiC inaugura"},"content":{"rendered":"\n<p>El passat dissabte, 21 de gener, la consellera de Just\u00edcia, Drets i Mem\u00f2ria, Gemma Ubasart i Gonz\u00e1lez, i l\u2019alcaldessa de Sant Adri\u00e0 de Bes\u00f2s, Filo Ca\u00f1ete Carrillo van signar a l\u2019Ajuntament de Sant Adri\u00e0 un acord de col\u00b7laboraci\u00f3 entre el Memorial Democr\u00e0tic i el Museu d\u2019Hist\u00f2ria de la Immigraci\u00f3 de Catalunya.<\/p>\n\n\n\n<p>D\u2019acord amb el text del conveni, ambdues institucions es comprometen a treballar conjuntament per impulsar activitats de recerca, difusi\u00f3 i homenatge de les migracions arribades a Catalunya durant el segle&nbsp;XX, i a fer visible la seva aportaci\u00f3 en la consolidaci\u00f3 del proc\u00e9s democr\u00e0tic a Catalunya.<\/p>\n\n\n\n<p>El primer fruit d\u2019aquesta col\u00b7laboraci\u00f3 \u00e9s l\u2019exposici\u00f3 \u201cPaco Candel i els altres. Un retrat literari de la immigraci\u00f3 a Catalunya\u201d, una aproximaci\u00f3 a la immigraci\u00f3 durant el franquisme, a partir de l\u2019obra&nbsp;<em>Els altres catalans<\/em>, de Francesc Candel,&nbsp;que es va inaugurar el mateix dissabte al Museu d\u2019Hist\u00f2ria de la Immigraci\u00f3 de Catalunya i&nbsp;que va comptar amb la pres\u00e8ncia del president de la Generalitat, Pere Aragon\u00e8s i Garc\u00eda, a m\u00e9s de&nbsp;&nbsp;la consellera de Just\u00edcia, Drets i Mem\u00f2ria, Gemma Ubasart i de l\u2019alcaldessa de Sant Adri\u00e0, Filo Ca\u00f1ete. Tamb\u00e9 hi van participar el&nbsp;director del Memorial Democr\u00e0tic, Jordi Font, i la directora del MhiC, Imma Boj.<\/p>\n\n\n\n<p>El Memorial Democr\u00e0tic organitza aquesta mostra, que es podr\u00e0 visitar fins el 30 de juny, produ\u00efda amb la col\u00b7laboraci\u00f3 del&nbsp;<strong><a href=\"http:\/\/www.mhic.cat\/\" target=\"_blank\" rel=\"noreferrer noopener\">Museu d\u2019Hist\u00f2ria de la Immigraci\u00f3 de Catalunya<\/a><a href=\"http:\/\/https\/\/www.mhic.cat\/\">&nbsp;<\/a><\/strong>(MhiC) i una desena d\u2019arxius fotogr\u00e0fics.<\/p>\n\n\n\n<p>Amb aquesta exposici\u00f3, el Memorial Democr\u00e0tic vol posar l\u2019accent en la rellev\u00e0ncia del fenomen migratori, un episodi fonamental per a la configuraci\u00f3 de la Catalunya de la segona meitat del segle XX, indestriable de la fortalesa i el dinamisme del moviment antifranquista.<\/p>\n\n\n\n<p>El muntatge expositiu s\u2019estructura en 5 \u00e0mbits que incideixen especialment en el fenomen migratori a l\u2019Espanya i la Catalunya de la postguerra, aix\u00ed com en problem\u00e0tiques com la manca d\u2019habitatge i la precarietat que milers de persones van haver de patir, com ara retorns als llocs d\u2019origen, barraquisme i malalties, entre d\u2019altres. Tamb\u00e9 fa refer\u00e8ncia al rol fonamental dels anomenats&nbsp;<em>altres catalans<\/em>&nbsp;en la configuraci\u00f3 de l\u2019oposici\u00f3 antifranquista.<\/p>\n\n\n\n<p>El relat de l\u2019exposici\u00f3 es construeix amb fotografies i textos de contextualitzaci\u00f3 intercalats amb cites extretes de l\u2019obra&nbsp;<em>Els altres catalans<\/em>&nbsp;que serveixen per il\u00b7lustrar les q\u00fcestions tractades.<\/p>\n","protected":false},"excerpt":{"rendered":"<p>El passat dissabte, 21 de gener, la consellera de Just\u00edcia, Drets i Mem\u00f2ria, Gemma Ubasart i Gonz\u00e1lez, i l\u2019alcaldessa de Sant Adri\u00e0 de Bes\u00f2s, Filo Ca\u00f1ete Carrillo van signar a l\u2019Ajuntament de Sant Adri\u00e0 un acord de col\u00b7laboraci\u00f3 entre el Memorial Democr\u00e0tic i el Museu d\u2019Hist\u00f2ria de la Immigraci\u00f3 de Catalunya. D\u2019acord amb el text [&hellip;]<\/p>\n","protected":false},"author":2,"featured_media":5889,"comment_status":"closed","ping_status":"open","sticky":false,"template":"","format":"standard","meta":{"footnotes":""},"categories":[134,136],"tags":[],"class_list":{"0":"post-5888","1":"post","2":"type-post","3":"status-publish","4":"format-standard","5":"has-post-thumbnail","7":"category-actualitat","8":"category-cultura"},"_links":{"self":[{"href":"https:\/\/www.areabesos.com\/diario\/wp-json\/wp\/v2\/posts\/5888","targetHints":{"allow":["GET"]}}],"collection":[{"href":"https:\/\/www.areabesos.com\/diario\/wp-json\/wp\/v2\/posts"}],"about":[{"href":"https:\/\/www.areabesos.com\/diario\/wp-json\/wp\/v2\/types\/post"}],"author":[{"embeddable":true,"href":"https:\/\/www.areabesos.com\/diario\/wp-json\/wp\/v2\/users\/2"}],"replies":[{"embeddable":true,"href":"https:\/\/www.areabesos.com\/diario\/wp-json\/wp\/v2\/comments?post=5888"}],"version-history":[{"count":1,"href":"https:\/\/www.areabesos.com\/diario\/wp-json\/wp\/v2\/posts\/5888\/revisions"}],"predecessor-version":[{"id":5890,"href":"https:\/\/www.areabesos.com\/diario\/wp-json\/wp\/v2\/posts\/5888\/revisions\/5890"}],"wp:featuredmedia":[{"embeddable":true,"href":"https:\/\/www.areabesos.com\/diario\/wp-json\/wp\/v2\/media\/5889"}],"wp:attachment":[{"href":"https:\/\/www.areabesos.com\/diario\/wp-json\/wp\/v2\/media?parent=5888"}],"wp:term":[{"taxonomy":"category","embeddable":true,"href":"https:\/\/www.areabesos.com\/diario\/wp-json\/wp\/v2\/categories?post=5888"},{"taxonomy":"post_tag","embeddable":true,"href":"https:\/\/www.areabesos.com\/diario\/wp-json\/wp\/v2\/tags?post=5888"}],"curies":[{"name":"wp","href":"https:\/\/api.w.org\/{rel}","templated":true}]}}