{"id":5884,"date":"2023-01-20T11:29:20","date_gmt":"2023-01-20T10:29:20","guid":{"rendered":"https:\/\/www.areabesos.com\/diario\/?p=5884"},"modified":"2023-01-20T11:29:20","modified_gmt":"2023-01-20T10:29:20","slug":"inici-de-la-campanya-informativa-per-reduir-els-excrements-de-gossos-al-carrer","status":"publish","type":"post","link":"https:\/\/www.areabesos.com\/diario\/inici-de-la-campanya-informativa-per-reduir-els-excrements-de-gossos-al-carrer\/","title":{"rendered":"Inici de la campanya informativa per reduir els excrements de gossos al carrer"},"content":{"rendered":"\n<p>El passat dijous 12 de gener l\u2019equip d\u2019agents c\u00edvics va donar el tret de sortida a la nova campanya adre\u00e7ada a les persones propiet\u00e0ries de gossos. Els objectius d\u2019aquesta campanya s\u00f3n informar, d\u2019una banda, sobre l\u2019obligaci\u00f3 de <strong>censar els gossos al registre municipal<\/strong> i, d\u2019altra banda, sobre l\u2019obligaci\u00f3 de portar-los <strong>lligats, recollir els excrements<\/strong>, aix\u00ed com <strong>tenir cura del lloc on els deixem orinar<\/strong> per tal de generar les m\u00ednimes mol\u00e8sties. S\u2019incidir\u00e0 especialment en l\u2019obligaci\u00f3 de portar els <strong>gossos considerats potencialment perillosos adequadament lligats i amb morri\u00f3.<\/strong><\/p>\n\n\n\n<p>Aquesta campanya era una de les accions previstes en el nou programa de civisme i els resultats de les enquestes fetes pels agents c\u00edvics a la ciutadania han prioritzat la seva posada en marxa per dos motius: en primer lloc, han confirmat que els excrements al carrer \u00e9s un dels temes que m\u00e9s preocupa i molesta als ciutadans i ciutadanes; i, en segon lloc,s\u2019ha detectat un empitjorament de la situaci\u00f3. Per tal de que l\u2019acci\u00f3 dels agents sigui el m\u00e9s eficient possible, s\u2019ha fet un <strong>estudi previ<\/strong> per detectar <strong>punts cr\u00edtics<\/strong> on es dona aquesta problem\u00e0tica, aix\u00ed com <strong>l\u2019estat<\/strong> dels carrers, jardins i parcs m\u00e9s conflictius de la ciutat.<\/p>\n\n\n\n<p>L\u2019Ajuntament facilitar\u00e0 tots els mitjans al seu abast per donar resposta i millorar la situaci\u00f3, per aix\u00f2 a la campanya hi col.laboren els <strong>agents c\u00edvics<\/strong> i la <strong>policia de proximitat<\/strong>.<\/p>\n\n\n\n<p>Cal recordar que la normativa municipal estableix que no censar el gos es considera una falta lleu amb multes a partir de 150 euros. D\u2019altra banda, no lligar el gos, no recollir els seus excrements i deixar orinar els gossos en parcs infantils, zones d\u2019esbarjo i fa\u00e7anes d\u2019edificis s\u00f3n considerades faltes greus amb multes a partir de 251 euros.<\/p>\n\n\n\n<p>En el cas dels gossos potencialment perillosos, no censar al gos, no posar-li el morri\u00f3, no portar-lo lligat o amb una corda inadequada a la via p\u00fablica, es consideren faltes greus, en aquest cas sancionades amb multes a partir de 301 euros.<\/p>\n\n\n\n<p>La inscripci\u00f3 dels gossos al cens \u00e9s gratu\u00efta i es pot fer presencialment a l\u2019ajuntament, o b\u00e9 a trav\u00e9s<a href=\"http:\/\/seu.sant-adria.net\/opencms\/opencms\/sede\/content\/tramites\/grupo_2\/tramite_inscripcio-al-cens-municipal-danimals-de-companyia-.html\"><strong>d&#8217;aquest enlla\u00e7<\/strong><\/a><\/p>\n\n\n\n<p>Finalment, recordar que al web municipal es pot consultar la ubicaci\u00f3 dels pipicans i \u00e0rees d\u2019esbarjo per a gossos, on s\u00ed poden anar deslligats. Ho podeu fer <a href=\"http:\/\/www.sant-adria.cat\/sant-adria-per-temes\/salut-publica\/animals-domestics\/donar-dalta-un-animal-al-registre-municipal\"><strong>AQU\u00cd.<\/strong><\/a><\/p>\n","protected":false},"excerpt":{"rendered":"<p>El passat dijous 12 de gener l\u2019equip d\u2019agents c\u00edvics va donar el tret de sortida a la nova campanya adre\u00e7ada a les persones propiet\u00e0ries de gossos. Els objectius d\u2019aquesta campanya s\u00f3n informar, d\u2019una banda, sobre l\u2019obligaci\u00f3 de censar els gossos al registre municipal i, d\u2019altra banda, sobre l\u2019obligaci\u00f3 de portar-los lligats, recollir els excrements, aix\u00ed [&hellip;]<\/p>\n","protected":false},"author":2,"featured_media":5885,"comment_status":"closed","ping_status":"open","sticky":false,"template":"","format":"standard","meta":{"footnotes":""},"categories":[134,135],"tags":[],"class_list":{"0":"post-5884","1":"post","2":"type-post","3":"status-publish","4":"format-standard","5":"has-post-thumbnail","7":"category-actualitat","8":"category-societat"},"_links":{"self":[{"href":"https:\/\/www.areabesos.com\/diario\/wp-json\/wp\/v2\/posts\/5884","targetHints":{"allow":["GET"]}}],"collection":[{"href":"https:\/\/www.areabesos.com\/diario\/wp-json\/wp\/v2\/posts"}],"about":[{"href":"https:\/\/www.areabesos.com\/diario\/wp-json\/wp\/v2\/types\/post"}],"author":[{"embeddable":true,"href":"https:\/\/www.areabesos.com\/diario\/wp-json\/wp\/v2\/users\/2"}],"replies":[{"embeddable":true,"href":"https:\/\/www.areabesos.com\/diario\/wp-json\/wp\/v2\/comments?post=5884"}],"version-history":[{"count":1,"href":"https:\/\/www.areabesos.com\/diario\/wp-json\/wp\/v2\/posts\/5884\/revisions"}],"predecessor-version":[{"id":5886,"href":"https:\/\/www.areabesos.com\/diario\/wp-json\/wp\/v2\/posts\/5884\/revisions\/5886"}],"wp:featuredmedia":[{"embeddable":true,"href":"https:\/\/www.areabesos.com\/diario\/wp-json\/wp\/v2\/media\/5885"}],"wp:attachment":[{"href":"https:\/\/www.areabesos.com\/diario\/wp-json\/wp\/v2\/media?parent=5884"}],"wp:term":[{"taxonomy":"category","embeddable":true,"href":"https:\/\/www.areabesos.com\/diario\/wp-json\/wp\/v2\/categories?post=5884"},{"taxonomy":"post_tag","embeddable":true,"href":"https:\/\/www.areabesos.com\/diario\/wp-json\/wp\/v2\/tags?post=5884"}],"curies":[{"name":"wp","href":"https:\/\/api.w.org\/{rel}","templated":true}]}}