{"id":5881,"date":"2023-01-19T12:08:14","date_gmt":"2023-01-19T11:08:14","guid":{"rendered":"https:\/\/www.areabesos.com\/diario\/?p=5881"},"modified":"2023-01-19T12:08:15","modified_gmt":"2023-01-19T11:08:15","slug":"instal%c2%b7lat-el-punt-dinformacio-del-proces-participatiu-de-reordenacio-de-lav-de-la-platja","status":"publish","type":"post","link":"https:\/\/www.areabesos.com\/diario\/instal%c2%b7lat-el-punt-dinformacio-del-proces-participatiu-de-reordenacio-de-lav-de-la-platja\/","title":{"rendered":"Instal\u00b7lat el punt d\u2019informaci\u00f3 del proc\u00e9s participatiu de reordenaci\u00f3 de l\u2019av. de la Platja"},"content":{"rendered":"\n<p>L&#8217; Ajuntament ha instal\u00b7lat un punt d\u2019informaci\u00f3 (av. de la Platja\/c. de Torrassa) on els ciutadans i ciutadanes poden con\u00e8ixer els canals que tenen al seu abast per fer les seves aportacions a l\u2019alternativa de transformaci\u00f3 urbana integral del proc\u00e9s participatiu de reordenaci\u00f3 de l\u2019av. de la Platja.<\/p>\n\n\n\n<p>Aquest punt informatiu va comen\u00e7ar a funcionar ahir 18 de gener i romandr\u00e0 instal\u00b7lat els dies 19, 20, 25, 26 i 27 de gener de 10 a 14.15 h.<\/p>\n\n\n\n<p>Les aportacions es poden presentar fins el 5 de febrer mitjan\u00e7ant els canals seg\u00fcents:<\/p>\n\n\n\n<p><strong>&#8211;&nbsp;<a href=\"https:\/\/participa311-santadria.diba.cat\/\">Plataforma Decidim per Sant Adri\u00e0<\/a><\/strong><\/p>\n\n\n\n<p>&#8211; Inst\u00e0ncia gen\u00e8rica a l&#8217;Ajuntament (per dos vies): de manera&nbsp;<strong><a href=\"https:\/\/seu.sant-adria.net\/opencms\/opencms\/sede\/content\/tramites\/grupo_23\/tramite_registre_electronic.html\">telem\u00e0tica&nbsp;<\/a><\/strong>mitjan\u00e7ant la seu electr\u00f2nica, de manera presencial, al registre de l&#8217;OAC.<\/p>\n","protected":false},"excerpt":{"rendered":"<p>L&#8217; Ajuntament ha instal\u00b7lat un punt d\u2019informaci\u00f3 (av. de la Platja\/c. de Torrassa) on els ciutadans i ciutadanes poden con\u00e8ixer els canals que tenen al seu abast per fer les seves aportacions a l\u2019alternativa de transformaci\u00f3 urbana integral del proc\u00e9s participatiu de reordenaci\u00f3 de l\u2019av. de la Platja. Aquest punt informatiu va comen\u00e7ar a funcionar [&hellip;]<\/p>\n","protected":false},"author":2,"featured_media":5882,"comment_status":"closed","ping_status":"open","sticky":false,"template":"","format":"standard","meta":{"footnotes":""},"categories":[134],"tags":[],"class_list":{"0":"post-5881","1":"post","2":"type-post","3":"status-publish","4":"format-standard","5":"has-post-thumbnail","7":"category-actualitat"},"_links":{"self":[{"href":"https:\/\/www.areabesos.com\/diario\/wp-json\/wp\/v2\/posts\/5881","targetHints":{"allow":["GET"]}}],"collection":[{"href":"https:\/\/www.areabesos.com\/diario\/wp-json\/wp\/v2\/posts"}],"about":[{"href":"https:\/\/www.areabesos.com\/diario\/wp-json\/wp\/v2\/types\/post"}],"author":[{"embeddable":true,"href":"https:\/\/www.areabesos.com\/diario\/wp-json\/wp\/v2\/users\/2"}],"replies":[{"embeddable":true,"href":"https:\/\/www.areabesos.com\/diario\/wp-json\/wp\/v2\/comments?post=5881"}],"version-history":[{"count":1,"href":"https:\/\/www.areabesos.com\/diario\/wp-json\/wp\/v2\/posts\/5881\/revisions"}],"predecessor-version":[{"id":5883,"href":"https:\/\/www.areabesos.com\/diario\/wp-json\/wp\/v2\/posts\/5881\/revisions\/5883"}],"wp:featuredmedia":[{"embeddable":true,"href":"https:\/\/www.areabesos.com\/diario\/wp-json\/wp\/v2\/media\/5882"}],"wp:attachment":[{"href":"https:\/\/www.areabesos.com\/diario\/wp-json\/wp\/v2\/media?parent=5881"}],"wp:term":[{"taxonomy":"category","embeddable":true,"href":"https:\/\/www.areabesos.com\/diario\/wp-json\/wp\/v2\/categories?post=5881"},{"taxonomy":"post_tag","embeddable":true,"href":"https:\/\/www.areabesos.com\/diario\/wp-json\/wp\/v2\/tags?post=5881"}],"curies":[{"name":"wp","href":"https:\/\/api.w.org\/{rel}","templated":true}]}}