{"id":5878,"date":"2023-01-19T12:03:50","date_gmt":"2023-01-19T11:03:50","guid":{"rendered":"https:\/\/www.areabesos.com\/diario\/?p=5878"},"modified":"2023-01-19T12:03:51","modified_gmt":"2023-01-19T11:03:51","slug":"el-mhic-acull-lexposicio-paco-candel-i-els-altres-un-retrat-literari-de-la-immigracio-a-catalunya","status":"publish","type":"post","link":"https:\/\/www.areabesos.com\/diario\/el-mhic-acull-lexposicio-paco-candel-i-els-altres-un-retrat-literari-de-la-immigracio-a-catalunya\/","title":{"rendered":"El MhiC acull l&#8217;exposici\u00f3 \u201cPaco Candel i els altres. Un retrat literari de la immigraci\u00f3 a Catalunya\u201d"},"content":{"rendered":"\n<p>El Memorial Democr\u00e0tic organitza l\u2019exposici\u00f3 \u201cPaco Candel i els altres. Un retrat literari de la immigraci\u00f3 a Catalunya\u201d. La mostra, produ\u00efda amb la col\u00b7laboraci\u00f3 del&nbsp;<strong>Museu d\u2019Hist\u00f2ria de la Immigraci\u00f3 de Catalunya<a href=\"http:\/\/https\/\/www.mhic.cat\/\">&nbsp;<\/a><\/strong>(MhiC) i una desena d\u2019arxius fotogr\u00e0fics, s\u2019inaugurar\u00e0 el 21 de gener, a les 12.30 h, al MhiC. La inauguraci\u00f3 anir\u00e0 a c\u00e0rrec de la consellera de Just\u00edcia, Drets i Mem\u00f2ria,&nbsp;<strong>Gemma Ubasart i Gonz\u00e1lez&nbsp;<\/strong>i de l\u2019alcaldessa de Sant Adri\u00e0 de Bes\u00f2s,&nbsp;<strong>Filo Ca\u00f1ete Carrillo.&nbsp;<\/strong>Hi participaran tamb\u00e9 el director del Memorial Democr\u00e0tic,<strong>&nbsp;Jordi Font Agull\u00f3<\/strong>, i la directora del MhiC,&nbsp;<strong>Imma Boj Labi\u00f3s<\/strong>. Pr\u00e8viament, a les 12 h, la consellera Ubasart i l\u2019alcaldessa de Sant Adri\u00e0 de Bes\u00f2s signaran un conveni de col\u00b7laboraci\u00f3 entre el Memorial Democr\u00e0tic i el MhiC.<\/p>\n\n\n\n<p>L&#8217;exposici\u00f3 es podr\u00e0 visitar fins al 30 de juny.<\/p>\n\n\n\n<h3 class=\"wp-block-heading\"><strong>Una mostra per comprendre el fenomen migratori<\/strong><\/h3>\n\n\n\n<p>Amb aquesta exposici\u00f3, el Memorial Democr\u00e0tic vol posar l\u2019accent en la rellev\u00e0ncia del fenomen migratori, un episodi fonamental per a la configuraci\u00f3 de la Catalunya de la segona meitat del segle xx, indestriable de la fortalesa i el dinamisme del moviment antifranquista.<\/p>\n\n\n\n<p>L\u2019exposici\u00f3 se centra en l\u2019obra&nbsp;<em>Els altres catalans<\/em>, de Francesc Candel. El llibre va captar la complexitat i la riquesa humana i social que suposava per a la Catalunya de la postguerra el fet d\u2019esdevenir una zona receptora d\u2019una quantitat ingent de persones d\u2019altres contrades de l\u2019Estat. Majorit\u00e0riament fugien de la precarietat socioecon\u00f2mica. En molts casos, tamb\u00e9 de la persecuci\u00f3 pol\u00edtica que imposava el r\u00e8gim de Franco.&nbsp;<em>Els altres catalans<\/em>&nbsp;es va publicar l\u2019any 1964. Era una proposta pionera, entre l\u2019assaig sociol\u00f2gic i la literatura testimonial, que incidia en la den\u00fancia de les greus problem\u00e0tiques que derivaven del fenomen migratori a Catalunya, agreujades per les dificultats de la postguerra. Barraquisme, d\u00e8ficits sanitaris i higi\u00e8nics i marginalitat social foren, entre d\u2019altres, algunes de les car\u00e8ncies que m\u00e9s obertament proliferaren en les zones urbanes durant la dictadura franquista.<\/p>\n\n\n\n<p>El muntatge expositiu s\u2019estructura en 5 \u00e0mbits que incideixen especialment en el fenomen migratori a l\u2019Espanya i la Catalunya de la postguerra, aix\u00ed com en problem\u00e0tiques com la manca d\u2019habitatge i la precarietat que milers de persones van haver de patir, com ara retorns als llocs d\u2019origen, barraquisme i malalties, entre d\u2019altres. Tamb\u00e9 fa refer\u00e8ncia al rol fonamental dels anomenats&nbsp;<em>altres catalans<\/em>&nbsp;en la configuraci\u00f3 de l\u2019oposici\u00f3 antifranquista.<\/p>\n\n\n\n<p>El relat de l\u2019exposici\u00f3 es construeix amb fotografies i textos de contextualitzaci\u00f3 intercalats amb cites extretes de l\u2019obra&nbsp;<em>Els altres catalans<\/em>&nbsp;que serveixen per il\u00b7lustrar les q\u00fcestions tractades.<\/p>\n","protected":false},"excerpt":{"rendered":"<p>El Memorial Democr\u00e0tic organitza l\u2019exposici\u00f3 \u201cPaco Candel i els altres. Un retrat literari de la immigraci\u00f3 a Catalunya\u201d. La mostra, produ\u00efda amb la col\u00b7laboraci\u00f3 del&nbsp;Museu d\u2019Hist\u00f2ria de la Immigraci\u00f3 de Catalunya&nbsp;(MhiC) i una desena d\u2019arxius fotogr\u00e0fics, s\u2019inaugurar\u00e0 el 21 de gener, a les 12.30 h, al MhiC. La inauguraci\u00f3 anir\u00e0 a c\u00e0rrec de la consellera [&hellip;]<\/p>\n","protected":false},"author":2,"featured_media":5879,"comment_status":"closed","ping_status":"open","sticky":false,"template":"","format":"standard","meta":{"footnotes":""},"categories":[134,136],"tags":[],"class_list":{"0":"post-5878","1":"post","2":"type-post","3":"status-publish","4":"format-standard","5":"has-post-thumbnail","7":"category-actualitat","8":"category-cultura"},"_links":{"self":[{"href":"https:\/\/www.areabesos.com\/diario\/wp-json\/wp\/v2\/posts\/5878","targetHints":{"allow":["GET"]}}],"collection":[{"href":"https:\/\/www.areabesos.com\/diario\/wp-json\/wp\/v2\/posts"}],"about":[{"href":"https:\/\/www.areabesos.com\/diario\/wp-json\/wp\/v2\/types\/post"}],"author":[{"embeddable":true,"href":"https:\/\/www.areabesos.com\/diario\/wp-json\/wp\/v2\/users\/2"}],"replies":[{"embeddable":true,"href":"https:\/\/www.areabesos.com\/diario\/wp-json\/wp\/v2\/comments?post=5878"}],"version-history":[{"count":1,"href":"https:\/\/www.areabesos.com\/diario\/wp-json\/wp\/v2\/posts\/5878\/revisions"}],"predecessor-version":[{"id":5880,"href":"https:\/\/www.areabesos.com\/diario\/wp-json\/wp\/v2\/posts\/5878\/revisions\/5880"}],"wp:featuredmedia":[{"embeddable":true,"href":"https:\/\/www.areabesos.com\/diario\/wp-json\/wp\/v2\/media\/5879"}],"wp:attachment":[{"href":"https:\/\/www.areabesos.com\/diario\/wp-json\/wp\/v2\/media?parent=5878"}],"wp:term":[{"taxonomy":"category","embeddable":true,"href":"https:\/\/www.areabesos.com\/diario\/wp-json\/wp\/v2\/categories?post=5878"},{"taxonomy":"post_tag","embeddable":true,"href":"https:\/\/www.areabesos.com\/diario\/wp-json\/wp\/v2\/tags?post=5878"}],"curies":[{"name":"wp","href":"https:\/\/api.w.org\/{rel}","templated":true}]}}