{"id":5872,"date":"2023-01-19T11:54:12","date_gmt":"2023-01-19T10:54:12","guid":{"rendered":"https:\/\/www.areabesos.com\/diario\/?p=5872"},"modified":"2023-01-19T11:58:49","modified_gmt":"2023-01-19T10:58:49","slug":"lamb-presenta-un-pla-de-500-milions-per-regenerar-cohesionar-i-impulsar-leix-del-besos","status":"publish","type":"post","link":"https:\/\/www.areabesos.com\/diario\/lamb-presenta-un-pla-de-500-milions-per-regenerar-cohesionar-i-impulsar-leix-del-besos\/","title":{"rendered":"L\u2019AMB presenta un pla de 500 milions per regenerar, cohesionar i impulsar l\u2019eix del Bes\u00f2s"},"content":{"rendered":"\n<p>L\u2019AMB i els ajuntaments del Bes\u00f2s, entre ells Sant Adri\u00e0 de Bes\u00f2s, han presentat avui un programa&nbsp;<strong>d\u2019actuacions per transformar, cohesionar i dinamitzar l\u2019eix del Bes\u00f2s<\/strong>. Aquest pla, amb un cost de&nbsp;<strong>500 milions d\u2019euros en un termini de 10 anys,<\/strong>&nbsp;requereix d\u2019una&nbsp;<strong>col\u00b7laboraci\u00f3 interinstitucional entre la Generalitat, el Govern central, l\u2019AMB, la Diputaci\u00f3 de Barcelona i els ajuntaments.<\/strong><\/p>\n\n\n\n<p>L\u2019\u00e0mbit per al qual es formulen propostes d\u2019actuaci\u00f3 \u00e9s el que conformen els&nbsp;<strong>municipis de Badalona, Montcada i Reixac, Sant Adri\u00e0 de Bes\u00f2s, Santa Coloma de Gramenet<\/strong>&nbsp;i els&nbsp;<strong>barris de Barcelona<\/strong>&nbsp;confrontants amb el riu Bes\u00f2s:&nbsp;<strong>Vallbona, Trinitat Vella, Bar\u00f3 de Viver i Bon Pastor<\/strong>. Aquest territori compta amb una superf\u00edcie total de gaireb\u00e9 60 km<sup>2<\/sup>&nbsp;i una poblaci\u00f3 de prop de 450.000 habitants.<\/p>\n\n\n\n<p>Les propostes de millora i transformaci\u00f3 es basen en la\u00a0<strong>integraci\u00f3 urbana, la connectivitat, la recuperaci\u00f3 ecol\u00f2gica i paisatg\u00edstica del riu, la protecci\u00f3 i resili\u00e8ncia de la franja costanera, la rehabilitaci\u00f3 i reactivaci\u00f3 econ\u00f2mica i l\u2019impuls d\u2019habitatge protegit<\/strong>.<\/p>\n\n\n\n<div><a href=\"https:\/\/www.areabesos.com\/diario\/wp-content\/uploads\/2023\/01\/Impuls-Eix-Besos-AMB-Albert-Canalejo-1024x683.jpg\" class=\"td-modal-image\"><figure class=\"wp-block-image size-large\"><img loading=\"lazy\" decoding=\"async\" width=\"1024\" height=\"683\" src=\"https:\/\/www.areabesos.com\/diario\/wp-content\/uploads\/2023\/01\/Impuls-Eix-Besos-AMB-Albert-Canalejo-1024x683.jpg\" alt=\"\" class=\"wp-image-5874\" srcset=\"https:\/\/www.areabesos.com\/diario\/wp-content\/uploads\/2023\/01\/Impuls-Eix-Besos-AMB-Albert-Canalejo-1024x683.jpg 1024w, https:\/\/www.areabesos.com\/diario\/wp-content\/uploads\/2023\/01\/Impuls-Eix-Besos-AMB-Albert-Canalejo-300x200.jpg 300w, https:\/\/www.areabesos.com\/diario\/wp-content\/uploads\/2023\/01\/Impuls-Eix-Besos-AMB-Albert-Canalejo-768x512.jpg 768w, https:\/\/www.areabesos.com\/diario\/wp-content\/uploads\/2023\/01\/Impuls-Eix-Besos-AMB-Albert-Canalejo-150x100.jpg 150w, https:\/\/www.areabesos.com\/diario\/wp-content\/uploads\/2023\/01\/Impuls-Eix-Besos-AMB-Albert-Canalejo-696x464.jpg 696w, https:\/\/www.areabesos.com\/diario\/wp-content\/uploads\/2023\/01\/Impuls-Eix-Besos-AMB-Albert-Canalejo-1068x712.jpg 1068w, https:\/\/www.areabesos.com\/diario\/wp-content\/uploads\/2023\/01\/Impuls-Eix-Besos-AMB-Albert-Canalejo.jpg 1200w\" sizes=\"auto, (max-width: 1024px) 100vw, 1024px\" \/><figcaption class=\"wp-element-caption\">Moment de la presentaci\u00f3 del projecte d&#8217;impuls de l&#8217;Eix Bes\u00f2s amb la pres\u00e8ncia de l&#8217;alcalde de Badalona, Rub\u00e9n Guijarro, les alcaldesses de Sant Adri\u00e0 i Santa Coloma, Filo Ca\u00f1ete i N\u00faria Parl\u00f3n, i el vicepresident de l&#8217;AMB, Antonio Balm\u00f3n. Foto: AMB-Albert Canalejo. <\/figcaption><\/figure><\/a><\/div>\n\n\n\n<p>Les intervencions m\u00e9s rellevants d\u2019aquest paquet de mesures s\u00f3n les seg\u00fcents Les intervencions m\u00e9s rellevants d\u2019aquest paquet de mesures s\u00f3n les seg\u00fcents:&nbsp;<\/p>\n\n\n\n<p>&#8211; <strong>Reforma de la C-31 a Badalona<\/strong>. Conjunt d\u2019actuacions per fer m\u00e9s amable aquesta infraestructura que exerceix de barrera en el territori i millorar-ne la permeabilitat:&nbsp; finalitzaci\u00f3 de les cal\u00e7ades laterals al seu pas per Badalona, remodelaci\u00f3 dels 6 nusos de passos subterranis i implantaci\u00f3 de pantalles a la carretera entre Badalona i Sant Adri\u00e0, amb l\u2019objectiu de reduir l\u2019impacte ac\u00fastic.&nbsp;<\/p>\n\n\n\n<p>&#8211; <strong>Connexi\u00f3 dels marges del Bes\u00f2s<\/strong>. Creaci\u00f3 de noves passeres per a vianants i bicicletes que connectin els marges del riu i millorar els passos transversals per facilitar la integraci\u00f3 urbana i els despla\u00e7aments entre els diferents barris de l\u2019eix del Bes\u00f2s.&nbsp;<\/p>\n\n\n\n<p>&#8211; <strong>Renaturalitzaci\u00f3 i millora ambiental del riu Bes\u00f2s<\/strong>. L\u2019AMB est\u00e0 treballant en la primera fase d\u2019aquesta renaturalitzaci\u00f3, que consisteix en la creaci\u00f3 d\u2019un refugi de biodiversitat entre el Pont Vell i Can Zam.&nbsp;<\/p>\n\n\n\n<p>A banda, tamb\u00e9 es proposa la millora de les zones verdes adjacents al riu, amb la revegetaci\u00f3 i plantaci\u00f3 d\u2019esp\u00e8cies aut\u00f2ctones en passeigs i parcs annexos a l\u2019espai fluvial.&nbsp;<\/p>\n\n\n\n<p>&#8211; <strong>Descontaminaci\u00f3 de les platges de Sant Adri\u00e0 de Bes\u00f2s i Badalona entre el port i la desembocadura del Bes\u00f2s<\/strong>. Els s\u00f2ls de les platges d\u2019aquest tram del litoral es troben contaminats a causa de diferents ind\u00fastries i activitats que antigament ocupaven la franja costanera. Es preveu la descontaminaci\u00f3 per etapes. L\u2019execuci\u00f3 es basar\u00e0 en t\u00e8cniques d\u2019excavaci\u00f3 selectiva, tractament del s\u00f2l, transport a abocadors i posterior rebliment. S\u2019iniciar\u00e0 el proc\u00e9s amb la descontaminaci\u00f3 de la platja litoral de Sant Adri\u00e0 de Bes\u00f2s, que actualment es troba tancada.&nbsp;<\/p>\n\n\n\n<p>&#8211; <strong>Construcci\u00f3 del nou col\u00b7lector de Llevant i desmuntatge de l\u2019actual<\/strong>. Tamb\u00e9 s\u2019haur\u00e0 de descontaminar la zona afectada i retirar l\u2019escullera actual.&nbsp;<\/p>\n\n\n\n<p>&#8211; <strong>Rehabilitaci\u00f3 dels pol\u00edgons del marge dret del Bes\u00f2s: Montsol\u00eds, Bon Pastor, Torrent d\u2019Estadella i la Verneda<\/strong>. Es preveu intervenir en tres l\u00ednies d\u2019actuaci\u00f3:&nbsp;<\/p>\n\n\n\n<p>-\u2002\u2002\u2002\u2002\u2002Adaptaci\u00f3 del planejament dels sectors d\u2019activitat a les noves necessitats de la ind\u00fastria 4.0. \u00c9s imprescindible promoure les modificacions de planejament per tal d\u2019encabir nous usos amb m\u00e9s valor afegit.<\/p>\n\n\n\n<p>-\u2002\u2002\u2002\u2002\u2002Rehabilitaci\u00f3 dels pol\u00edgons. \u00c9s necessari millorar els serveis urbans i urbanitzar o reurbanitzar els eixos viaris estructurants.<\/p>\n\n\n\n<p>-\u2002\u2002\u2002\u2002\u2002Millora de la competitivitat. Cal potenciar l\u2019activitat econ\u00f2mica i fomentar la interacci\u00f3 i l\u2019associacionisme empresarial.<\/p>\n\n\n\n<p>&#8211; <strong>Rehabilitaci\u00f3 dels sectors industrials del marge esquerre del Bes\u00f2s<\/strong>: el Sot, Badalona Sud i Badalona Nord\/Manres\u00e0, amb les mateixes l\u00ednies d\u2019actuaci\u00f3.<\/p>\n\n\n\n<div><a href=\"https:\/\/www.areabesos.com\/diario\/wp-content\/uploads\/2023\/01\/besos02-1024x683.jpg\" class=\"td-modal-image\"><figure class=\"wp-block-image size-large\"><img loading=\"lazy\" decoding=\"async\" width=\"1024\" height=\"683\" src=\"https:\/\/www.areabesos.com\/diario\/wp-content\/uploads\/2023\/01\/besos02-1024x683.jpg\" alt=\"\" class=\"wp-image-5873\" srcset=\"https:\/\/www.areabesos.com\/diario\/wp-content\/uploads\/2023\/01\/besos02-1024x683.jpg 1024w, https:\/\/www.areabesos.com\/diario\/wp-content\/uploads\/2023\/01\/besos02-300x200.jpg 300w, https:\/\/www.areabesos.com\/diario\/wp-content\/uploads\/2023\/01\/besos02-768x512.jpg 768w, https:\/\/www.areabesos.com\/diario\/wp-content\/uploads\/2023\/01\/besos02-150x100.jpg 150w, https:\/\/www.areabesos.com\/diario\/wp-content\/uploads\/2023\/01\/besos02-696x464.jpg 696w, https:\/\/www.areabesos.com\/diario\/wp-content\/uploads\/2023\/01\/besos02-1068x712.jpg 1068w, https:\/\/www.areabesos.com\/diario\/wp-content\/uploads\/2023\/01\/besos02.jpg 1200w\" sizes=\"auto, (max-width: 1024px) 100vw, 1024px\" \/><\/figure><\/a><\/div>\n\n\n\n<p>\u00a0<\/p>\n\n\n\n<p>&#8211; <strong>Rehabilitaci\u00f3 d\u2019habitatges als barris del Bes\u00f2s (reducci\u00f3 de la vulnerabilitat residencial)<\/strong>: El Consorci Metropolit\u00e0 de l\u2019Habitatge (CMH) preveu actuar en la rehabilitaci\u00f3 del parc d&#8217;habitatge existent als barris del Bes\u00f2s, amb la finalitat de promoure la millora de l&#8217;efici\u00e8ncia energ\u00e8tica, la conservaci\u00f3 i l\u2019accessibilitat als habitatges. Les actuacions seran cofinan\u00e7ades pels fons Next Generation i les aportacions de les comunitats de propietaris, que tindran tot el suport t\u00e8cnic i gestor del CMH. En l\u2019\u00e0mbit objecte d\u2019aquest Estudi es preveu la rehabilitaci\u00f3 d\u2019aproximadament 618 edificis amb una inversi\u00f3 total prevista de 30 M \u20ac.&nbsp;<\/p>\n\n\n\n<p>&#8211; <strong>Restituci\u00f3 de la legalitat urban\u00edstica i recobrament dels espais ocupats i degradats de les ribes del Bes\u00f2s:<\/strong> En ambd\u00f3s costats de la llera del Bes\u00f2s, en el terme municipal de Montcada i Reixac, s\u2019han produ\u00eft ocupacions il\u00b7legals i extensives de s\u00f2l, on s\u2019hi desenvolupen activitats irregulars i s\u2019han constru\u00eft diverses edificacions inestables. En total es comptabilitzen m\u00e9s de 31 hect\u00e0rees afectades. Mitjan\u00e7ant la Comissi\u00f3 T\u00e8cnica per a la Gesti\u00f3 del Barraquisme a la Llera del Bes\u00f2s (CBB) s\u2019intervindr\u00e0 per eradicar-les i per restituir la legalitat urban\u00edstica i qualitat ambiental.&nbsp;<\/p>\n\n\n\n<p>&#8211; <strong>Impuls de nova promoci\u00f3 d\u2019habitatge amb protecci\u00f3 oficial per part de les societats promotores p\u00fabliques<\/strong>: L\u2019IMPSOL i Habitatge Metr\u00f2polis Barcelona (HMB)&nbsp; preveuen la nova construcci\u00f3 de 1.039 habitatges en els 4 municipis de l\u2019\u00e0mbit del Bes\u00f2s. La construcci\u00f3 dels nous habitatges es distribueix de la manera seg\u00fcent:&nbsp;<\/p>\n\n\n\n<ul class=\"wp-block-list\">\n<li>207 habitatges a Badalona&nbsp;<\/li>\n\n\n\n<li>225 habitatges a Montcada i Reixac&nbsp;<\/li>\n\n\n\n<li>170 habitatges a Sant Adri\u00e0 de Bes\u00f2s&nbsp;<\/li>\n\n\n\n<li>437 habitatges a Santa Coloma de Gramenet&nbsp;<\/li>\n<\/ul>\n\n\n\n<p>El total d\u2019habitatges amb protecci\u00f3 oficial programats per l\u2019IMPSOL \u00e9s de 1.039&nbsp; amb una inversi\u00f3 aproximada de 185 M \u20ac.&nbsp;<\/p>\n\n\n\n<p>Pel que fa a l\u2019INCAS\u00d2L, s\u2019ha previst&nbsp;&nbsp;la promoci\u00f3 d\u2019habitatges distribu\u00efts pels municipis seg\u00fcents:&nbsp;<\/p>\n\n\n\n<ul class=\"wp-block-list\">\n<li>316 habitatges a Badalona&nbsp;<\/li>\n\n\n\n<li>100 habitatges a Sant Adri\u00e0 de Bes\u00f2s&nbsp;<\/li>\n\n\n\n<li>38 habitatges a Santa Coloma de Gramenet&nbsp;<\/li>\n<\/ul>\n\n\n\n<p>El total d\u2019habitatges de nova promoci\u00f3 previstos per l\u2019INCAS\u00d2L \u00e9s de 454 amb una inversi\u00f3 aproximada de 58 M \u20ac.&nbsp;<\/p>\n","protected":false},"excerpt":{"rendered":"<p>L\u2019AMB i els ajuntaments del Bes\u00f2s, entre ells Sant Adri\u00e0 de Bes\u00f2s, han presentat avui un programa&nbsp;d\u2019actuacions per transformar, cohesionar i dinamitzar l\u2019eix del Bes\u00f2s. Aquest pla, amb un cost de&nbsp;500 milions d\u2019euros en un termini de 10 anys,&nbsp;requereix d\u2019una&nbsp;col\u00b7laboraci\u00f3 interinstitucional entre la Generalitat, el Govern central, l\u2019AMB, la Diputaci\u00f3 de Barcelona i els ajuntaments. [&hellip;]<\/p>\n","protected":false},"author":2,"featured_media":5875,"comment_status":"closed","ping_status":"open","sticky":false,"template":"","format":"standard","meta":{"footnotes":""},"categories":[134,142],"tags":[],"class_list":{"0":"post-5872","1":"post","2":"type-post","3":"status-publish","4":"format-standard","5":"has-post-thumbnail","7":"category-actualitat","8":"category-comarca"},"_links":{"self":[{"href":"https:\/\/www.areabesos.com\/diario\/wp-json\/wp\/v2\/posts\/5872","targetHints":{"allow":["GET"]}}],"collection":[{"href":"https:\/\/www.areabesos.com\/diario\/wp-json\/wp\/v2\/posts"}],"about":[{"href":"https:\/\/www.areabesos.com\/diario\/wp-json\/wp\/v2\/types\/post"}],"author":[{"embeddable":true,"href":"https:\/\/www.areabesos.com\/diario\/wp-json\/wp\/v2\/users\/2"}],"replies":[{"embeddable":true,"href":"https:\/\/www.areabesos.com\/diario\/wp-json\/wp\/v2\/comments?post=5872"}],"version-history":[{"count":2,"href":"https:\/\/www.areabesos.com\/diario\/wp-json\/wp\/v2\/posts\/5872\/revisions"}],"predecessor-version":[{"id":5877,"href":"https:\/\/www.areabesos.com\/diario\/wp-json\/wp\/v2\/posts\/5872\/revisions\/5877"}],"wp:featuredmedia":[{"embeddable":true,"href":"https:\/\/www.areabesos.com\/diario\/wp-json\/wp\/v2\/media\/5875"}],"wp:attachment":[{"href":"https:\/\/www.areabesos.com\/diario\/wp-json\/wp\/v2\/media?parent=5872"}],"wp:term":[{"taxonomy":"category","embeddable":true,"href":"https:\/\/www.areabesos.com\/diario\/wp-json\/wp\/v2\/categories?post=5872"},{"taxonomy":"post_tag","embeddable":true,"href":"https:\/\/www.areabesos.com\/diario\/wp-json\/wp\/v2\/tags?post=5872"}],"curies":[{"name":"wp","href":"https:\/\/api.w.org\/{rel}","templated":true}]}}