{"id":5867,"date":"2023-01-15T11:15:23","date_gmt":"2023-01-15T10:15:23","guid":{"rendered":"https:\/\/www.areabesos.com\/diario\/?p=5867"},"modified":"2023-01-19T11:16:39","modified_gmt":"2023-01-19T10:16:39","slug":"quin-es-el-treball-per-als-joves","status":"publish","type":"post","link":"https:\/\/www.areabesos.com\/diario\/quin-es-el-treball-per-als-joves\/","title":{"rendered":"Quin \u00e9s el treball per als joves?"},"content":{"rendered":"\n<p>\u00daltimament\u00a0a Espanya ens hem acostumat al fet que ens subvencionin per gaireb\u00e9 tot i al mateix temps hem creat en la joventut aquesta tend\u00e8ncia.\u00a0Ja que els hem ensenyat a tenir de tot sense esfor\u00e7, simplement, el meu ve\u00ed t\u00e9 aix\u00f2 i jo tamb\u00e9 ho vull.<br>Actualment,\u00a0la joventut pensa que el m\u00f3n els deu alguna cosa, aquest m\u00f3n no existeix, ni ara, ni abans.<br>El m\u00f3n no est\u00e0 fet perqu\u00e8 tots triomfem. En el m\u00f3n real cal aprendre a buscar-se la vida. Sortir al m\u00f3n amb papers anomenats t\u00edtols moltes vegades no \u00e9s suficient.<br>Jo crec que haver donat a la majoria el que demanaven o necessitaven, sense cap esfor\u00e7 per part dels pares i els governants, han fet una societat de (que m&#8217;ho donin tot, i sin\u00f3 que no m&#8217;haguessin portat al m\u00f3n), aix\u00f2 nom\u00e9s joves la majoria egoistes i sense remordiments perqu\u00e8 cre\u00efn que li ho devem.<br>No vull dir que no hi hagi joventut que s&#8217;esforci, per\u00f2 \u00e9s la immensa minoria. Segurament la majoria de la joventut t\u00e9 on rec\u00f3rrer si les coses surten malament, per\u00f2 prefereixen no arriscar-se per si de cas, perqu\u00e8 tenen llit, menjar i les despeses pagades i clar una ganga aix\u00ed qualsevol la rebutja.<br>El que realment els hem llevat \u00e9s l&#8217;est\u00edmul i la superaci\u00f3. Els joves es pregunten en aquests moments, encara que estiguin capacitats, aix\u00f2 no implica que tinguin millor possibilitat de treballar, ja que\u00a0el mercat i les empreses exigeixen m\u00e9s capacitat\u00a0per\u00f2\u00a0per a treballs amb molt poca destresa, el que demostra el faci fallida de la societat del treball i\u00a0comencen a preguntar-se\u00a0quin \u00e9s el treball per als joves. Ni ells ni nosaltres ho sabem.<\/p>\n\n\n\n<p><span style=\"background-color:#0a0000\" class=\"td_text_highlight_marker\">Josep Meg\u00edas<\/span><\/p>\n","protected":false},"excerpt":{"rendered":"<p>\u00daltimament\u00a0a Espanya ens hem acostumat al fet que ens subvencionin per gaireb\u00e9 tot i al mateix temps hem creat en la joventut aquesta tend\u00e8ncia.\u00a0Ja que els hem ensenyat a tenir de tot sense esfor\u00e7, simplement, el meu ve\u00ed t\u00e9 aix\u00f2 i jo tamb\u00e9 ho vull.Actualment,\u00a0la joventut pensa que el m\u00f3n els deu alguna cosa, aquest [&hellip;]<\/p>\n","protected":false},"author":1,"featured_media":1779,"comment_status":"closed","ping_status":"open","sticky":false,"template":"","format":"standard","meta":{"footnotes":""},"categories":[139],"tags":[],"class_list":{"0":"post-5867","1":"post","2":"type-post","3":"status-publish","4":"format-standard","5":"has-post-thumbnail","7":"category-opinio"},"_links":{"self":[{"href":"https:\/\/www.areabesos.com\/diario\/wp-json\/wp\/v2\/posts\/5867","targetHints":{"allow":["GET"]}}],"collection":[{"href":"https:\/\/www.areabesos.com\/diario\/wp-json\/wp\/v2\/posts"}],"about":[{"href":"https:\/\/www.areabesos.com\/diario\/wp-json\/wp\/v2\/types\/post"}],"author":[{"embeddable":true,"href":"https:\/\/www.areabesos.com\/diario\/wp-json\/wp\/v2\/users\/1"}],"replies":[{"embeddable":true,"href":"https:\/\/www.areabesos.com\/diario\/wp-json\/wp\/v2\/comments?post=5867"}],"version-history":[{"count":1,"href":"https:\/\/www.areabesos.com\/diario\/wp-json\/wp\/v2\/posts\/5867\/revisions"}],"predecessor-version":[{"id":5868,"href":"https:\/\/www.areabesos.com\/diario\/wp-json\/wp\/v2\/posts\/5867\/revisions\/5868"}],"wp:featuredmedia":[{"embeddable":true,"href":"https:\/\/www.areabesos.com\/diario\/wp-json\/wp\/v2\/media\/1779"}],"wp:attachment":[{"href":"https:\/\/www.areabesos.com\/diario\/wp-json\/wp\/v2\/media?parent=5867"}],"wp:term":[{"taxonomy":"category","embeddable":true,"href":"https:\/\/www.areabesos.com\/diario\/wp-json\/wp\/v2\/categories?post=5867"},{"taxonomy":"post_tag","embeddable":true,"href":"https:\/\/www.areabesos.com\/diario\/wp-json\/wp\/v2\/tags?post=5867"}],"curies":[{"name":"wp","href":"https:\/\/api.w.org\/{rel}","templated":true}]}}