{"id":5865,"date":"2023-01-14T11:00:50","date_gmt":"2023-01-14T10:00:50","guid":{"rendered":"https:\/\/www.areabesos.com\/diario\/?p=5865"},"modified":"2023-01-19T11:13:52","modified_gmt":"2023-01-19T10:13:52","slug":"la-premsa-la-televisio-les-noticies","status":"publish","type":"post","link":"https:\/\/www.areabesos.com\/diario\/la-premsa-la-televisio-les-noticies\/","title":{"rendered":"La premsa-la televisi\u00f3-les not\u00edcies"},"content":{"rendered":"\n<p>Cada dia llegeixo la premsa (5 peri\u00f2dics, a la biblioteca), la televisi\u00f3, les not\u00edcies del migdia i de la nit. Quan rebo tota la informaci\u00f3 veig que serveix per a molt poc, segurament el que \u00e9s m\u00e9s important \u00e9s el que escriuen, en cartes al director i les publiquen,&nbsp;ja que realment s\u00f3n els que viuen la realitat.<br>Uns parlen de la independ\u00e8ncia de Catalunya, sembla que s&#8217;han \u00abassabentat\u00bb que en aquesta regi\u00f3, sembla que com si s&#8217;hagi&nbsp;\u00abdescobert\u00bb que hi ha gas,&nbsp;petroli, minerals i aix\u00f2 permetr\u00e0 que Catalunya sigui independent. Altres not\u00edcies diuen que anem millor,&nbsp;encara que la compra ofegui a les fam\u00edlies: els aliments pugin 15,9%. Tamb\u00e9 ens informen que Davos dirigeix l&#8217;economia, per\u00f2&#8230;..? No&nbsp;diu qui dirigeix a Davos, 2700&nbsp;l\u00edders&nbsp;mundials marquen les solucions de la nostra economia&nbsp;,entre ells&nbsp;Telef\u00f3nica,&nbsp;Iberdola, BBVA,Santander,&nbsp;Naturgy,&nbsp;Cepsa&nbsp;i&nbsp;Ferrovial. Com&nbsp;no tenen solucions per a reactivar l&#8217;economia han optat per les frag\u00e0ncies. Davant la cotitzaci\u00f3 del ien o la situaci\u00f3 del d\u00f2lar, de l&#8217;euro i l&#8217;IPC, posem una frag\u00e0ncia al nostre ap\u00e8ndix nasal. Molts&nbsp;de nosaltres no ens assabentem,&nbsp;per\u00f2 pot ser que una olor pot lluitar contra el&nbsp;des\u00e0nim&nbsp;econ\u00f2mic.<\/p>\n\n\n\n<p>Perqu\u00e8 clar qui no prefereix en entrar en una empresa, fabrica, nau o oficina fer olor una suau frag\u00e0ncia estudiada per a pujar els \u00e0nims abans que qualsevol ambientador de lavanda fart fet olor per tots.<\/p>\n\n\n\n<p>Com no tenen solucions per a reactivar l&#8217;economia les empreses han optat per les frag\u00e0ncies.<br>En breu&nbsp;haurem d&#8217;entrenar la nostra gl\u00e0ndula pitu\u00eft\u00e0ria per a poder apreciar, en el grau que mereix, totes les frag\u00e0ncies i altres ofrenes olfact\u00f2ries personalitzades amb qu\u00e8 ens delectessin les empreses. Les ments m\u00e9s plebees potser no&nbsp;ens n&#8217;adonem, per\u00f2 es veu que una olor pot lluitar contra el descoratjament econ\u00f2mic. Ja no \u00e9s cosa de l&#8217;economia, aix\u00ed, amb maj\u00fascules, ni estudis macro-econ\u00f2mics, ni previsions anuals ni de resultats&nbsp;borsatirs.<\/p>\n\n\n\n<p>Davant la cotitzaci\u00f3 del ien o la situaci\u00f3 del d\u00f2lar, de l&#8217;euro i l&#8217;IPC,&nbsp;les&nbsp;guerres&nbsp;i&nbsp;la&nbsp;contaminaci\u00f3,&nbsp;posem una frag\u00e0ncia al nostre ap\u00e8ndix nasal.<\/p>\n\n\n\n<p>Perqu\u00e8 clar qui no prefereix en entrar en una empresa, fabrica, nau o oficina fer olor una suau frag\u00e0ncia estudiada per a pujar els \u00e0nims abans que qualsevol ambientador de lavanda fart fet olor per tots. L&#8217;objectiu&nbsp;\u00e9s&nbsp;consisteix a aconseguir emocions positives, ruixant targetes, cat\u00e0legs i productes.<\/p>\n\n\n\n<p>Quan sortim de l&#8217;oficina, envoltats d&#8217;un ambient que ens envaeixi de motivaci\u00f3 i energia, amb gotes de \u00abpachul\u00ed\u00bb, roses i flors v\u00e0ries i notem l&#8217;olor del carrer, el ranci perfum de formig\u00f3 ens recordi d&#8217;un cop de ploma la pujada del cost de vida, l&#8217;atur i la baixada de la nostra capacitat adquisitiva.<\/p>\n\n\n\n<p>I per\u00a0\u00faltim\u00a0ens\u00a0diuen\u00a0que Millet acab\u00e9s en una resid\u00e8ncia per a complir la condemna,\u00a0molts ens preguntem on hem de signar perqu\u00e8 ens fiquin all\u00ed,\u00a0despr\u00e9s d&#8217;estar condemnat per \u00abrobar\u00bb.<\/p>\n\n\n\n<p><span style=\"background-color:#0b0000\" class=\"td_text_highlight_marker\">Josep Meg\u00edas<\/span><\/p>\n","protected":false},"excerpt":{"rendered":"<p>Cada dia llegeixo la premsa (5 peri\u00f2dics, a la biblioteca), la televisi\u00f3, les not\u00edcies del migdia i de la nit. Quan rebo tota la informaci\u00f3 veig que serveix per a molt poc, segurament el que \u00e9s m\u00e9s important \u00e9s el que escriuen, en cartes al director i les publiquen,&nbsp;ja que realment s\u00f3n els que viuen [&hellip;]<\/p>\n","protected":false},"author":2,"featured_media":1515,"comment_status":"closed","ping_status":"open","sticky":false,"template":"","format":"standard","meta":{"footnotes":""},"categories":[139],"tags":[],"class_list":{"0":"post-5865","1":"post","2":"type-post","3":"status-publish","4":"format-standard","5":"has-post-thumbnail","7":"category-opinio"},"_links":{"self":[{"href":"https:\/\/www.areabesos.com\/diario\/wp-json\/wp\/v2\/posts\/5865","targetHints":{"allow":["GET"]}}],"collection":[{"href":"https:\/\/www.areabesos.com\/diario\/wp-json\/wp\/v2\/posts"}],"about":[{"href":"https:\/\/www.areabesos.com\/diario\/wp-json\/wp\/v2\/types\/post"}],"author":[{"embeddable":true,"href":"https:\/\/www.areabesos.com\/diario\/wp-json\/wp\/v2\/users\/2"}],"replies":[{"embeddable":true,"href":"https:\/\/www.areabesos.com\/diario\/wp-json\/wp\/v2\/comments?post=5865"}],"version-history":[{"count":1,"href":"https:\/\/www.areabesos.com\/diario\/wp-json\/wp\/v2\/posts\/5865\/revisions"}],"predecessor-version":[{"id":5866,"href":"https:\/\/www.areabesos.com\/diario\/wp-json\/wp\/v2\/posts\/5865\/revisions\/5866"}],"wp:featuredmedia":[{"embeddable":true,"href":"https:\/\/www.areabesos.com\/diario\/wp-json\/wp\/v2\/media\/1515"}],"wp:attachment":[{"href":"https:\/\/www.areabesos.com\/diario\/wp-json\/wp\/v2\/media?parent=5865"}],"wp:term":[{"taxonomy":"category","embeddable":true,"href":"https:\/\/www.areabesos.com\/diario\/wp-json\/wp\/v2\/categories?post=5865"},{"taxonomy":"post_tag","embeddable":true,"href":"https:\/\/www.areabesos.com\/diario\/wp-json\/wp\/v2\/tags?post=5865"}],"curies":[{"name":"wp","href":"https:\/\/api.w.org\/{rel}","templated":true}]}}