{"id":5859,"date":"2023-01-11T13:06:24","date_gmt":"2023-01-11T12:06:24","guid":{"rendered":"https:\/\/www.areabesos.com\/diario\/?p=5859"},"modified":"2023-01-11T13:06:24","modified_gmt":"2023-01-11T12:06:24","slug":"lhospital-de-lesperit-sant-sera-un-dels-punts-de-donacio-de-la-marato-de-donants-de-sang-de-catalunya","status":"publish","type":"post","link":"https:\/\/www.areabesos.com\/diario\/lhospital-de-lesperit-sant-sera-un-dels-punts-de-donacio-de-la-marato-de-donants-de-sang-de-catalunya\/","title":{"rendered":"<strong>L\u2019Hospital de l\u2019Esperit Sant ser\u00e0 un dels punts de donaci\u00f3 de la Marat\u00f3 de Donants de Sang de Catalunya<\/strong>"},"content":{"rendered":"\n<p>El proper dimecres, 18 de gener, la Fundaci\u00f3 Hospital de l\u2019Esperit Sant es convertir\u00e0 en un dels punts de donaci\u00f3 de la Marat\u00f3 de donants de sang de Catalunya que arrenca el proper divendres. Es podr\u00e0 donar sang de 9 a 13h i de 16 a 20h al vest\u00edbul de la sala d\u2019actes de la FHES.<\/p>\n\n\n\n<p>Segons el Banc de Sang durant el 2023 caldran 260.000 donacions per atendre les necessitats dels pacients de Catalunya.Gr\u00e0cies a aquestes donacions es poden assegurar tots els tractaments dels malalts, i en cap moment ha falta sang als hospitals catalans.<\/p>\n\n\n\n<p>3 de cada 10 transfusions de sang que requereixen els pacients s\u00f3n per a tractaments de c\u00e0ncer. De fet, aquest tipus de malalties s\u00f3n les que m\u00e9s sang consumeixen, per davant de les malalties de l\u2019aparell digestiu, com hemorr\u00e0gies intestinals, i la salut cardiovascular, com els infarts.<\/p>\n\n\n\n<p><strong>Donar sang sona b\u00e9<\/strong><\/p>\n\n\n\n<p>Sota el lema \u201cDonar sang sona b\u00e9\u201d el Banc de Sant s\u2019ha proposat el repte d\u2019arribar a les 10.000 donacions en una setmana i poder remuntar les reserves de sang, afectades pel Nadal i la temporada de grip. Enguany, la campanya gira entorn els \u00e0udios de whatsapp i la for\u00e7a que aquests tenen per animar m\u00e9s persones a apuntar-se a la donaci\u00f3.<\/p>\n\n\n\n<p>A trav\u00e9s d\u2019\u00e0udios de persones conegudes, com la Judit Masc\u00f3, Tom\u00e0s Molina o Jordi Sanchez, entre altres; de persones que han necessitat sang i de persones implicades en la donaci\u00f3 volem omplir les converses de whatsapp amb notes de veu animant a donar sang. I \u00e9s que 9 de cada 10 catalans utilitzen el whatsapp com a eina principal de comunicaci\u00f3 i nom\u00e9s el 2% d\u2019aquests s\u00f3n donants.<\/p>\n","protected":false},"excerpt":{"rendered":"<p>El proper dimecres, 18 de gener, la Fundaci\u00f3 Hospital de l\u2019Esperit Sant es convertir\u00e0 en un dels punts de donaci\u00f3 de la Marat\u00f3 de donants de sang de Catalunya que arrenca el proper divendres. Es podr\u00e0 donar sang de 9 a 13h i de 16 a 20h al vest\u00edbul de la sala d\u2019actes de la [&hellip;]<\/p>\n","protected":false},"author":2,"featured_media":5860,"comment_status":"closed","ping_status":"open","sticky":false,"template":"","format":"standard","meta":{"footnotes":""},"categories":[134,142],"tags":[],"class_list":{"0":"post-5859","1":"post","2":"type-post","3":"status-publish","4":"format-standard","5":"has-post-thumbnail","7":"category-actualitat","8":"category-comarca"},"_links":{"self":[{"href":"https:\/\/www.areabesos.com\/diario\/wp-json\/wp\/v2\/posts\/5859","targetHints":{"allow":["GET"]}}],"collection":[{"href":"https:\/\/www.areabesos.com\/diario\/wp-json\/wp\/v2\/posts"}],"about":[{"href":"https:\/\/www.areabesos.com\/diario\/wp-json\/wp\/v2\/types\/post"}],"author":[{"embeddable":true,"href":"https:\/\/www.areabesos.com\/diario\/wp-json\/wp\/v2\/users\/2"}],"replies":[{"embeddable":true,"href":"https:\/\/www.areabesos.com\/diario\/wp-json\/wp\/v2\/comments?post=5859"}],"version-history":[{"count":1,"href":"https:\/\/www.areabesos.com\/diario\/wp-json\/wp\/v2\/posts\/5859\/revisions"}],"predecessor-version":[{"id":5861,"href":"https:\/\/www.areabesos.com\/diario\/wp-json\/wp\/v2\/posts\/5859\/revisions\/5861"}],"wp:featuredmedia":[{"embeddable":true,"href":"https:\/\/www.areabesos.com\/diario\/wp-json\/wp\/v2\/media\/5860"}],"wp:attachment":[{"href":"https:\/\/www.areabesos.com\/diario\/wp-json\/wp\/v2\/media?parent=5859"}],"wp:term":[{"taxonomy":"category","embeddable":true,"href":"https:\/\/www.areabesos.com\/diario\/wp-json\/wp\/v2\/categories?post=5859"},{"taxonomy":"post_tag","embeddable":true,"href":"https:\/\/www.areabesos.com\/diario\/wp-json\/wp\/v2\/tags?post=5859"}],"curies":[{"name":"wp","href":"https:\/\/api.w.org\/{rel}","templated":true}]}}