{"id":5853,"date":"2023-01-10T11:34:07","date_gmt":"2023-01-10T10:34:07","guid":{"rendered":"https:\/\/www.areabesos.com\/diario\/?p=5853"},"modified":"2023-01-10T11:34:08","modified_gmt":"2023-01-10T10:34:08","slug":"campanya-de-recollida-darbres-de-nadal","status":"publish","type":"post","link":"https:\/\/www.areabesos.com\/diario\/campanya-de-recollida-darbres-de-nadal\/","title":{"rendered":"Campanya de recollida d\u2019arbres de Nadal"},"content":{"rendered":"\n<p>L&#8217;Ajuntament ha habilitat 6 punts de recollida d&#8217;arbres de Nadal fins al 31 de gener. L\u2019objectiu de la campanya \u00e9s evitar que s\u2019abandonin arbres al carrer al costat dels contenidors i, alhora, facilitar que puguin ser gestionats com a material per a la jardineria. El dest\u00ed d&#8217;aquests arbres ser\u00e0 la deixalleria municipal i posteriorment el compostatge del mateixos. Cal recordar, que \u00e9<strong>s imprescindible<\/strong><strong> <\/strong><strong>retirar els guarniments <\/strong>de l\u2019arbre abans de deixar-lo per poder reciclar-lo com a fracci\u00f3 vegetal i obtenir compost.<\/p>\n\n\n\n<p>Els punts de recollida s\u00f3n els seg\u00fcents :<\/p>\n\n\n\n<ul class=\"wp-block-list\">\n<li>Pl. de la Vila (Sant Adri\u00e0 Nord)<ul><li>Av. Platja \/ Torrassa (Sant Joan Baptista)<\/li><\/ul><ul><li>Via Trajana, 20 (Trajana &#8211; Monsol\u00eds)<\/li><\/ul><ul><li>Crist\u00f2fol de Moura \/ Pl. Raluy (La Catalana)<\/li><\/ul><ul><li>Centre Cultural Bes\u00f2s. C. Frederica Montseny, 1 (Bes\u00f2s)<\/li><\/ul>\n<ul class=\"wp-block-list\">\n<li>C. Mar \/ Pl. M. \u00c0ngels Rosell (La Mina)<\/li>\n<\/ul>\n<\/li>\n<\/ul>\n\n\n\n<p>Els arbres tamb\u00e9 es poden portar a la deixalleria fixa a l&#8217;Av. del Bon Pastor, 30-36.<\/p>\n","protected":false},"excerpt":{"rendered":"<p>L&#8217;Ajuntament ha habilitat 6 punts de recollida d&#8217;arbres de Nadal fins al 31 de gener. L\u2019objectiu de la campanya \u00e9s evitar que s\u2019abandonin arbres al carrer al costat dels contenidors i, alhora, facilitar que puguin ser gestionats com a material per a la jardineria. El dest\u00ed d&#8217;aquests arbres ser\u00e0 la deixalleria municipal i posteriorment el [&hellip;]<\/p>\n","protected":false},"author":2,"featured_media":5854,"comment_status":"closed","ping_status":"open","sticky":false,"template":"","format":"standard","meta":{"footnotes":""},"categories":[134],"tags":[],"class_list":{"0":"post-5853","1":"post","2":"type-post","3":"status-publish","4":"format-standard","5":"has-post-thumbnail","7":"category-actualitat"},"_links":{"self":[{"href":"https:\/\/www.areabesos.com\/diario\/wp-json\/wp\/v2\/posts\/5853","targetHints":{"allow":["GET"]}}],"collection":[{"href":"https:\/\/www.areabesos.com\/diario\/wp-json\/wp\/v2\/posts"}],"about":[{"href":"https:\/\/www.areabesos.com\/diario\/wp-json\/wp\/v2\/types\/post"}],"author":[{"embeddable":true,"href":"https:\/\/www.areabesos.com\/diario\/wp-json\/wp\/v2\/users\/2"}],"replies":[{"embeddable":true,"href":"https:\/\/www.areabesos.com\/diario\/wp-json\/wp\/v2\/comments?post=5853"}],"version-history":[{"count":1,"href":"https:\/\/www.areabesos.com\/diario\/wp-json\/wp\/v2\/posts\/5853\/revisions"}],"predecessor-version":[{"id":5855,"href":"https:\/\/www.areabesos.com\/diario\/wp-json\/wp\/v2\/posts\/5853\/revisions\/5855"}],"wp:featuredmedia":[{"embeddable":true,"href":"https:\/\/www.areabesos.com\/diario\/wp-json\/wp\/v2\/media\/5854"}],"wp:attachment":[{"href":"https:\/\/www.areabesos.com\/diario\/wp-json\/wp\/v2\/media?parent=5853"}],"wp:term":[{"taxonomy":"category","embeddable":true,"href":"https:\/\/www.areabesos.com\/diario\/wp-json\/wp\/v2\/categories?post=5853"},{"taxonomy":"post_tag","embeddable":true,"href":"https:\/\/www.areabesos.com\/diario\/wp-json\/wp\/v2\/tags?post=5853"}],"curies":[{"name":"wp","href":"https:\/\/api.w.org\/{rel}","templated":true}]}}