{"id":5839,"date":"2023-01-03T11:43:49","date_gmt":"2023-01-03T10:43:49","guid":{"rendered":"https:\/\/www.areabesos.com\/diario\/?p=5839"},"modified":"2023-01-03T11:43:50","modified_gmt":"2023-01-03T10:43:50","slug":"arriba-la-cavalcada-de-reis-a-sant-adria","status":"publish","type":"post","link":"https:\/\/www.areabesos.com\/diario\/arriba-la-cavalcada-de-reis-a-sant-adria\/","title":{"rendered":"Arriba la Cavalcada de Reis a Sant Adri\u00e0"},"content":{"rendered":"\n<p>L\u2019agenda de Nadal arribar\u00e0 a la seva fi el dia&nbsp;<strong>5 de gener<\/strong>&nbsp;amb la benvinguda que les nenes i nens de Sant Adri\u00e0 de Bes\u00f2s podran donar a Ses Majestats els Reis d\u2019Orient al llarg de la cavalcada.<\/p>\n\n\n\n<p>La Cavalcada de Reis comen\u00e7ar\u00e0 a les 17.30 h, i el recorregut ser\u00e0 el mateix de cada any: Via Trajana, pl. de Pius XII, av. de les Corts Catalanes, c. de l\u2019Argentina, c. de Goya, c. de Doctor Fleming, c. de Frederica Montseny, c. de Sant Ramon de Penyafort, c. de Ponent, c. de Llevant, c. de Crist\u00f2fol de Moura, c. de Torrassa, av. de la Platja, av. d\u2019Eduard Maristany, av. de la Platja, av. de Catalunya, av. de Pi i Maragall, c. Major, c. de les Monges, c. de Rafael Casanovas, c. de Ricard i pla\u00e7a de la Vila.<\/p>\n\n\n\n<p>Enguany, com a novetat, a dos trams de la cavalcada no hi haur\u00e0&nbsp;m\u00fasica ambiental, amb la voluntat que els nens i nenes amb hipersensibilitat auditiva i trastorn de l\u2019espectre autista tamb\u00e9 puguin gaudir-ne.<\/p>\n\n\n\n<p>Els&nbsp;trams&nbsp;s\u00f3n els seg\u00fcents:<\/p>\n\n\n\n<p>&#8211;&nbsp; Via Trajana (des del&nbsp;t\u00fanel&nbsp;fins a carretera&nbsp;Matar\u00f3),&nbsp;a les 17.45 h (horari aproximat)<\/p>\n\n\n\n<p>&#8211; Carrer Major, a les 20.15 h (horari aproximat)<\/p>\n","protected":false},"excerpt":{"rendered":"<p>L\u2019agenda de Nadal arribar\u00e0 a la seva fi el dia&nbsp;5 de gener&nbsp;amb la benvinguda que les nenes i nens de Sant Adri\u00e0 de Bes\u00f2s podran donar a Ses Majestats els Reis d\u2019Orient al llarg de la cavalcada. La Cavalcada de Reis comen\u00e7ar\u00e0 a les 17.30 h, i el recorregut ser\u00e0 el mateix de cada any: [&hellip;]<\/p>\n","protected":false},"author":2,"featured_media":5840,"comment_status":"closed","ping_status":"open","sticky":false,"template":"","format":"standard","meta":{"footnotes":""},"categories":[134],"tags":[],"class_list":{"0":"post-5839","1":"post","2":"type-post","3":"status-publish","4":"format-standard","5":"has-post-thumbnail","7":"category-actualitat"},"_links":{"self":[{"href":"https:\/\/www.areabesos.com\/diario\/wp-json\/wp\/v2\/posts\/5839","targetHints":{"allow":["GET"]}}],"collection":[{"href":"https:\/\/www.areabesos.com\/diario\/wp-json\/wp\/v2\/posts"}],"about":[{"href":"https:\/\/www.areabesos.com\/diario\/wp-json\/wp\/v2\/types\/post"}],"author":[{"embeddable":true,"href":"https:\/\/www.areabesos.com\/diario\/wp-json\/wp\/v2\/users\/2"}],"replies":[{"embeddable":true,"href":"https:\/\/www.areabesos.com\/diario\/wp-json\/wp\/v2\/comments?post=5839"}],"version-history":[{"count":1,"href":"https:\/\/www.areabesos.com\/diario\/wp-json\/wp\/v2\/posts\/5839\/revisions"}],"predecessor-version":[{"id":5841,"href":"https:\/\/www.areabesos.com\/diario\/wp-json\/wp\/v2\/posts\/5839\/revisions\/5841"}],"wp:featuredmedia":[{"embeddable":true,"href":"https:\/\/www.areabesos.com\/diario\/wp-json\/wp\/v2\/media\/5840"}],"wp:attachment":[{"href":"https:\/\/www.areabesos.com\/diario\/wp-json\/wp\/v2\/media?parent=5839"}],"wp:term":[{"taxonomy":"category","embeddable":true,"href":"https:\/\/www.areabesos.com\/diario\/wp-json\/wp\/v2\/categories?post=5839"},{"taxonomy":"post_tag","embeddable":true,"href":"https:\/\/www.areabesos.com\/diario\/wp-json\/wp\/v2\/tags?post=5839"}],"curies":[{"name":"wp","href":"https:\/\/api.w.org\/{rel}","templated":true}]}}