{"id":5833,"date":"2022-12-29T10:51:17","date_gmt":"2022-12-29T09:51:17","guid":{"rendered":"https:\/\/www.areabesos.com\/diario\/?p=5833"},"modified":"2022-12-29T10:51:18","modified_gmt":"2022-12-29T09:51:18","slug":"ecovidrio-impulsara-el-reciclatge-denvasos-de-vidre-a-sant-adria-de-besos-durant-nadal-amb-un-arbre-format-per-miniglus","status":"publish","type":"post","link":"https:\/\/www.areabesos.com\/diario\/ecovidrio-impulsara-el-reciclatge-denvasos-de-vidre-a-sant-adria-de-besos-durant-nadal-amb-un-arbre-format-per-miniglus\/","title":{"rendered":"Ecovidrio impulsar\u00e0 el reciclatge d&#8217;envasos de vidre a Sant Adri\u00e0 de Bes\u00f2s durant Nadal amb un arbre format per minigl\u00fas"},"content":{"rendered":"\n<p>Ecovidrio, l&#8217;entitat sense \u00e0nim de lucre encarregada de la gesti\u00f3 del reciclatge dels residus d&#8217;envasos de vidre a Espanya, en col\u00b7laboraci\u00f3 amb l&#8217;Ajuntament de Sant Adri\u00e0 del Bes\u00f2s, ha engegat una campanya de sensibilitzaci\u00f3 per conscienciar als habitants sobre la import\u00e0ncia del reciclatge d&#8217;envasos de vidre durant les celebracions de Nadal, on es genera fins al 20% de tots els residus d&#8217;envasos de vidre de l&#8217;any.<\/p>\n\n\n\n<p>Per aix\u00f2, Ecovidrio instal.lar\u00e0 a la Pla\u00e7a del Mercat un arbre nadalenc de 4 metres d&#8217;al\u00e7ada format per 100 minigl\u00fas que estar\u00e0 a la localitat els dies 29 i 30 de desembre.<\/p>\n\n\n\n<p>Tothom qui s\u2019apropi a aquest singular arbre podr\u00e0 participar en una activitat familiar d\u2019educaci\u00f3 ambiental, per con\u00e8ixer com separar correctament els seus envasos de vidre i com el reciclatge de vidre contribueix a tenir cura del medi ambient i a lluitar contra l\u2019emerg\u00e8ncia clim\u00e0tica. Entre els participants se sortejaran 100 minigl\u00fas mitjan\u00e7ant un \u00abrasca i guanya\u00bb virtual. L&#8217;horari d&#8217;aquest estand ser\u00e0 els dies 29 i 30 de desembre de 11h a 14h i de 17h a 20h.<\/p>\n","protected":false},"excerpt":{"rendered":"<p>Ecovidrio, l&#8217;entitat sense \u00e0nim de lucre encarregada de la gesti\u00f3 del reciclatge dels residus d&#8217;envasos de vidre a Espanya, en col\u00b7laboraci\u00f3 amb l&#8217;Ajuntament de Sant Adri\u00e0 del Bes\u00f2s, ha engegat una campanya de sensibilitzaci\u00f3 per conscienciar als habitants sobre la import\u00e0ncia del reciclatge d&#8217;envasos de vidre durant les celebracions de Nadal, on es genera fins [&hellip;]<\/p>\n","protected":false},"author":2,"featured_media":5834,"comment_status":"closed","ping_status":"open","sticky":false,"template":"","format":"standard","meta":{"footnotes":""},"categories":[134],"tags":[],"class_list":{"0":"post-5833","1":"post","2":"type-post","3":"status-publish","4":"format-standard","5":"has-post-thumbnail","7":"category-actualitat"},"_links":{"self":[{"href":"https:\/\/www.areabesos.com\/diario\/wp-json\/wp\/v2\/posts\/5833","targetHints":{"allow":["GET"]}}],"collection":[{"href":"https:\/\/www.areabesos.com\/diario\/wp-json\/wp\/v2\/posts"}],"about":[{"href":"https:\/\/www.areabesos.com\/diario\/wp-json\/wp\/v2\/types\/post"}],"author":[{"embeddable":true,"href":"https:\/\/www.areabesos.com\/diario\/wp-json\/wp\/v2\/users\/2"}],"replies":[{"embeddable":true,"href":"https:\/\/www.areabesos.com\/diario\/wp-json\/wp\/v2\/comments?post=5833"}],"version-history":[{"count":1,"href":"https:\/\/www.areabesos.com\/diario\/wp-json\/wp\/v2\/posts\/5833\/revisions"}],"predecessor-version":[{"id":5835,"href":"https:\/\/www.areabesos.com\/diario\/wp-json\/wp\/v2\/posts\/5833\/revisions\/5835"}],"wp:featuredmedia":[{"embeddable":true,"href":"https:\/\/www.areabesos.com\/diario\/wp-json\/wp\/v2\/media\/5834"}],"wp:attachment":[{"href":"https:\/\/www.areabesos.com\/diario\/wp-json\/wp\/v2\/media?parent=5833"}],"wp:term":[{"taxonomy":"category","embeddable":true,"href":"https:\/\/www.areabesos.com\/diario\/wp-json\/wp\/v2\/categories?post=5833"},{"taxonomy":"post_tag","embeddable":true,"href":"https:\/\/www.areabesos.com\/diario\/wp-json\/wp\/v2\/tags?post=5833"}],"curies":[{"name":"wp","href":"https:\/\/api.w.org\/{rel}","templated":true}]}}