{"id":5772,"date":"2022-12-12T12:13:44","date_gmt":"2022-12-12T11:13:44","guid":{"rendered":"https:\/\/www.areabesos.com\/diario\/?p=5772"},"modified":"2022-12-12T12:13:45","modified_gmt":"2022-12-12T11:13:45","slug":"el-cnl-de-badalona-i-sant-adria-obre-les-inscripcions-a-mes-de-30-cursos-de-catala","status":"publish","type":"post","link":"https:\/\/www.areabesos.com\/diario\/el-cnl-de-badalona-i-sant-adria-obre-les-inscripcions-a-mes-de-30-cursos-de-catala\/","title":{"rendered":"El CNL de Badalona i Sant Adri\u00e0 obre les inscripcions a m\u00e9s de 30 cursos de catal\u00e0"},"content":{"rendered":"\n<p>El Centre de Normalitzaci\u00f3 Ling\u00fc\u00edstica de Badalona i Sant Adri\u00e0 comen\u00e7a un nou per\u00edode d&#8217;inscripcions per aprendre catal\u00e0. Els dies 15 i 16 de desembre s&#8217;obre la inscripci\u00f3 preferent, reservada als alumnes que han fet un curs durant aquest any, i els dies 19 i 20 de desembre hi haur\u00e0 la general.<br>Actualment, durant el per\u00edode d&#8217;acreditaci\u00f3 de nivell, les persones interessades ja poden accedir a la plataforma d&#8217;inscripci\u00f3 per aportar un certificat oficial que acrediti la seva compet\u00e8ncia ling\u00fc\u00edstica en catal\u00e0 o sol\u00b7licitar fer una prova de col\u00b7locaci\u00f3.<br>Els cursos comen\u00e7aran el 9 i el 10 de gener. Com \u00e9s habitual, per tal de garantir l&#8217;atenci\u00f3 priorit\u00e0ria a les persones amb poc o cap coneixement de catal\u00e0, el nivell que tindr\u00e0 m\u00e9s pres\u00e8ncia \u00e9s el b\u00e0sic. Tant l&#8217;inicial com el b\u00e0sic s\u00f3n cursos gratu\u00efts.<br>Els cursos poden ser presencials o en l\u00ednia. Per con\u00e8ixer en detall els cursos disponibles, es pot consultar el cercador.<br>Les inscripcions del CPNL es poden fer en l\u00ednia a la plataforma d&#8217;inscripci\u00f3 o presencialment a trav\u00e9s de la xarxa de centres, serveis i oficines arreu de Catalunya, i s&#8217;atenen per ordre d&#8217;arribada.<br>Aquest per\u00edode d&#8217;inscripcions del segon trimestre del curs es caracteritza per la continu\u00eftat d&#8217;una gran part de l&#8217;alumnat. Aquells aprenents que han iniciat un curs al primer trimestre, durant el mes de setembre, ara tenen l&#8217;oportunitat de continuar amb el seg\u00fcent nivell si han assolit els coneixements. Alhora, l&#8217;oferta de cursos d&#8217;aquesta inscripci\u00f3 tamb\u00e9 s&#8217;adre\u00e7a a les persones que vulguin comen\u00e7ar ara un curs de catal\u00e0.<br>Inscripcions del C2 al febrer Durant les inscripcions de desembre s&#8217;ofereixen tots els nivells de cursos, excepte el Superior C2. En aquest cas, s&#8217;obrir\u00e0 un nou per\u00edode al febrer en qu\u00e8 s&#8217;oferiran cursos semestrals d&#8217;aquest nivell. L&#8217;aprenentatge ser\u00e0 en la modalitat en l\u00ednia per adaptar-se a la disponibilitat i el ritme de treball de l&#8217;alumnat. Les dates d&#8217;inscripci\u00f3 seran el 20 de febrer per al torn preferent i el 21 i 22 per al p\u00fablic general. L&#8217;inici del curs ser\u00e0 el 27 de febrer.<\/p>\n","protected":false},"excerpt":{"rendered":"<p>El Centre de Normalitzaci\u00f3 Ling\u00fc\u00edstica de Badalona i Sant Adri\u00e0 comen\u00e7a un nou per\u00edode d&#8217;inscripcions per aprendre catal\u00e0. Els dies 15 i 16 de desembre s&#8217;obre la inscripci\u00f3 preferent, reservada als alumnes que han fet un curs durant aquest any, i els dies 19 i 20 de desembre hi haur\u00e0 la general.Actualment, durant el per\u00edode [&hellip;]<\/p>\n","protected":false},"author":2,"featured_media":5773,"comment_status":"closed","ping_status":"open","sticky":false,"template":"","format":"standard","meta":{"footnotes":""},"categories":[134],"tags":[],"class_list":{"0":"post-5772","1":"post","2":"type-post","3":"status-publish","4":"format-standard","5":"has-post-thumbnail","7":"category-actualitat"},"_links":{"self":[{"href":"https:\/\/www.areabesos.com\/diario\/wp-json\/wp\/v2\/posts\/5772","targetHints":{"allow":["GET"]}}],"collection":[{"href":"https:\/\/www.areabesos.com\/diario\/wp-json\/wp\/v2\/posts"}],"about":[{"href":"https:\/\/www.areabesos.com\/diario\/wp-json\/wp\/v2\/types\/post"}],"author":[{"embeddable":true,"href":"https:\/\/www.areabesos.com\/diario\/wp-json\/wp\/v2\/users\/2"}],"replies":[{"embeddable":true,"href":"https:\/\/www.areabesos.com\/diario\/wp-json\/wp\/v2\/comments?post=5772"}],"version-history":[{"count":1,"href":"https:\/\/www.areabesos.com\/diario\/wp-json\/wp\/v2\/posts\/5772\/revisions"}],"predecessor-version":[{"id":5774,"href":"https:\/\/www.areabesos.com\/diario\/wp-json\/wp\/v2\/posts\/5772\/revisions\/5774"}],"wp:featuredmedia":[{"embeddable":true,"href":"https:\/\/www.areabesos.com\/diario\/wp-json\/wp\/v2\/media\/5773"}],"wp:attachment":[{"href":"https:\/\/www.areabesos.com\/diario\/wp-json\/wp\/v2\/media?parent=5772"}],"wp:term":[{"taxonomy":"category","embeddable":true,"href":"https:\/\/www.areabesos.com\/diario\/wp-json\/wp\/v2\/categories?post=5772"},{"taxonomy":"post_tag","embeddable":true,"href":"https:\/\/www.areabesos.com\/diario\/wp-json\/wp\/v2\/tags?post=5772"}],"curies":[{"name":"wp","href":"https:\/\/api.w.org\/{rel}","templated":true}]}}