{"id":5769,"date":"2022-12-12T10:51:57","date_gmt":"2022-12-12T09:51:57","guid":{"rendered":"https:\/\/www.areabesos.com\/diario\/?p=5769"},"modified":"2022-12-12T10:51:58","modified_gmt":"2022-12-12T09:51:58","slug":"ministra-robles-en-acronimos-militares-falta-masufa","status":"publish","type":"post","link":"https:\/\/www.areabesos.com\/diario\/ministra-robles-en-acronimos-militares-falta-masufa\/","title":{"rendered":"Ministra Robles, en acr\u00f3nimos militares falta MASUFA"},"content":{"rendered":"\n<p>Busco \u201cacr\u00f3nimos militares\u201d donde siempre y, como casi siempre, el primer resultado que aparece es el de Wikipedia, esta vez con 84 respuestas de las que solo soy capaz de descifrar FF.AA., NATO, RAF y USAF.<\/p>\n\n\n\n<p>Por tanto, cero en militarismo, por mucho que me tocara hacer la mili bajo la dictadura del general\u00edsimo, militar por supuesto y a quien, ya que lo de hoy va de siglas, le llamar\u00e9 el DEMAEHE para recordarlo m\u00e1s por las consecuencias de sus actos que por sus cargos o por su apellido, que inevitablemente coincide con el de no pocas de sus v\u00edctimas.<\/p>\n\n\n\n<p>La segunda respuesta me permite comprobar que la ministra Robles nos invita a un sitio llamado \u201cLa Defensa y yo\u201d donde exhibe un \u201cGlosario de siglas\u201d (o de acr\u00f3nimos, que para la RAE son lo mismo) que contiene 1.144 (salvo error por m\u00ed parte, pues las he tenido que contar de letra en letra), y que van desde la \u201cA\u201d para \u201cAlmirante\u201d hasta la \u201cZM\u201d para \u201cZona mar\u00edtima\u201d.<\/p>\n\n\n\n<p>Sorprende, supongo que a usted tambi\u00e9n, el impresionante n\u00famero de descripciones que Defensa ha convertido en acr\u00f3nimos, quiz\u00e1s para ahorrar palabras en las notas de prensa o para comunicarse en clave cuando acecha el enemigo. Por ejemplo, BIRD no es p\u00e1jaro (de acero que suelta bombas), sino Banco Internacional para la Reconstrucci\u00f3n y el Desarrollo, un organismo al que no le s\u00e9 encontrar relaci\u00f3n bastante con lo militar. Quiz\u00e1s para reconstruir lo destruido tras las guerras, menos las vidas que murieron para siempre.<\/p>\n\n\n\n<p>En honor a la verdad, Defensa explica que \u201c<em>Adem\u00e1s, se han incluido algunos t\u00e9rminos que quiz\u00e1s no puedan considerarse estrictamente militares, pero que aparecen frecuentemente en textos sobre cuestiones de defensa\u201d<\/em>, lo que nos coloca ante una tesitura que tampoco es inocente: O el ej\u00e9rcito espa\u00f1ol est\u00e1 realizando un esfuerzo descomunal para qu\u00e9 lo civil penetre en su interior, o sus mandos siguen trabajando con la ilusi\u00f3n de militarizar toda la sociedad.<\/p>\n\n\n\n<p>Mientras busco la respuesta imposible, lo que no me cabe en la cabeza es que, entre tanta multitud de mandos, de organismos y de entes o eventos que los militares espa\u00f1oles han ido premiando con acr\u00f3nimos a lo largo del tiempo, ni desde los cuarteles ni desde el Ministerio se hayan dado cuenta de que se han olvidado del m\u00e1s importante de todos, entre otras cosas porque figura en la Constituci\u00f3n de manera destacada.<\/p>\n\n\n\n<p>As\u00ed es, y se trata de un olvido imperdonable, porque el art\u00edculo 62 h menciona al \u201cmando supremo de las Fuerzas Armadas\u201d y eso est\u00e1 pidiendo a gritos un MASUFA. Ser\u00eda un&nbsp;acr\u00f3nimo impecable para ayudar a divulgar y conocer mucho mejor nuestra Carta Magna, por la misma regla de tres por la que sabemos que la OTAN es algo militar gracias a las siglas porque, si antes de verlas por primera vez nos hubieran hablado de una Organizaci\u00f3n del Tratado del Atl\u00e1ntico Norte, podr\u00edamos pensar con el mismo sentido com\u00fan que, o se trata de una alianza comercial para distribuir en esa zona la carne de ballena o, por el contrario, de una ONG para impedir que se sigan matando unos cet\u00e1ceos tan grandotes como inocentes.<\/p>\n\n\n\n<p>Por mi parte, y para dar pistas a los de Defensa, utilic\u00e9 por primera vez el acr\u00f3nimo MASUFA a finales de noviembre, cuando el ex JEMAD Alejandre se puso tan de actualidad que hasta el Gobierno tuvo que marcar distancias \u201cgrav\u00edsimas\u201d e \u201cinaceptables\u201d con lo que acababa de confesar, aunque sin consecuencias, por supuesto. Pero ni a\u00fan as\u00ed decidieron incluir en su Glosario la propuesta que reitero hoy.<\/p>\n\n\n\n<p>Terminar\u00e9 manifestando el deseo de que esto se reciba como una aportaci\u00f3n m\u00e1s al inmenso Glosario que hemos encontrado en la Internet de nuestro ministerio de Defensa y que, por esta parte, nace con la voluntad de mantener en sus justos t\u00e9rminos los respetos rec\u00edprocos demostrados por la sociedad y su MASUFA, al menos desde que entr\u00f3 en vigor la Constituci\u00f3n que lo nombr\u00f3 y que acaba de cumplir 44 a\u00f1os.<\/p>\n\n\n\n<p>Aunque, en realidad, lo del respeto del MASUFA por la sociedad espa\u00f1ola s\u00f3lo podemos juzgarlo personalmente y sin consecuencias legales, pues contra \u00e9l, haga lo que haga, nunca podremos reclamar una sentencia de los tribunales. Sin darme ni cuenta creo que acabo de hablar de indefensi\u00f3n, cosa chusca y autodestructiva donde las haya.<\/p>\n\n\n\n<p>\u00bfEst\u00e1 el titular actual del art\u00edculo 62 h a tiempo de enmendar el inmenso error, o maldad, que cometi\u00f3 durante esta misma legislatura y que conocimos cuando la ex vicepresidenta Carmen Calvo lo confes\u00f3 el pasado 9 de mayo?<\/p>\n\n\n\n<p>\u00bfSer\u00e1 por eso que, \u00faltimamente, personajes como Ayuso o Aznar pronuncian entre ambos la palabra \u201cRep\u00fablica\u201d m\u00e1s veces que todos los del PSOE y SUMAR juntos?<\/p>\n\n\n\n<p>A estas dos preguntas ni el MASUFA les podr\u00eda dar respuesta.<\/p>\n\n\n\n<p><span style=\"background-color:#0b0000\" class=\"td_text_highlight_marker\">Domingo Sanz<\/span><\/p>\n","protected":false},"excerpt":{"rendered":"<p>Busco \u201cacr\u00f3nimos militares\u201d donde siempre y, como casi siempre, el primer resultado que aparece es el de Wikipedia, esta vez con 84 respuestas de las que solo soy capaz de descifrar FF.AA., NATO, RAF y USAF. Por tanto, cero en militarismo, por mucho que me tocara hacer la mili bajo la dictadura del general\u00edsimo, militar [&hellip;]<\/p>\n","protected":false},"author":2,"featured_media":5770,"comment_status":"closed","ping_status":"open","sticky":false,"template":"","format":"standard","meta":{"footnotes":""},"categories":[139],"tags":[],"class_list":{"0":"post-5769","1":"post","2":"type-post","3":"status-publish","4":"format-standard","5":"has-post-thumbnail","7":"category-opinio"},"_links":{"self":[{"href":"https:\/\/www.areabesos.com\/diario\/wp-json\/wp\/v2\/posts\/5769","targetHints":{"allow":["GET"]}}],"collection":[{"href":"https:\/\/www.areabesos.com\/diario\/wp-json\/wp\/v2\/posts"}],"about":[{"href":"https:\/\/www.areabesos.com\/diario\/wp-json\/wp\/v2\/types\/post"}],"author":[{"embeddable":true,"href":"https:\/\/www.areabesos.com\/diario\/wp-json\/wp\/v2\/users\/2"}],"replies":[{"embeddable":true,"href":"https:\/\/www.areabesos.com\/diario\/wp-json\/wp\/v2\/comments?post=5769"}],"version-history":[{"count":1,"href":"https:\/\/www.areabesos.com\/diario\/wp-json\/wp\/v2\/posts\/5769\/revisions"}],"predecessor-version":[{"id":5771,"href":"https:\/\/www.areabesos.com\/diario\/wp-json\/wp\/v2\/posts\/5769\/revisions\/5771"}],"wp:featuredmedia":[{"embeddable":true,"href":"https:\/\/www.areabesos.com\/diario\/wp-json\/wp\/v2\/media\/5770"}],"wp:attachment":[{"href":"https:\/\/www.areabesos.com\/diario\/wp-json\/wp\/v2\/media?parent=5769"}],"wp:term":[{"taxonomy":"category","embeddable":true,"href":"https:\/\/www.areabesos.com\/diario\/wp-json\/wp\/v2\/categories?post=5769"},{"taxonomy":"post_tag","embeddable":true,"href":"https:\/\/www.areabesos.com\/diario\/wp-json\/wp\/v2\/tags?post=5769"}],"curies":[{"name":"wp","href":"https:\/\/api.w.org\/{rel}","templated":true}]}}