{"id":5766,"date":"2022-12-07T12:55:59","date_gmt":"2022-12-07T11:55:59","guid":{"rendered":"https:\/\/www.areabesos.com\/diario\/?p=5766"},"modified":"2022-12-07T12:55:59","modified_gmt":"2022-12-07T11:55:59","slug":"lajuntament-de-sant-adria-organitza-activitats-esportives-en-favor-de-la-marato-de-tv3","status":"publish","type":"post","link":"https:\/\/www.areabesos.com\/diario\/lajuntament-de-sant-adria-organitza-activitats-esportives-en-favor-de-la-marato-de-tv3\/","title":{"rendered":"L&#8217;Ajuntament de Sant Adri\u00e0 organitza activitats esportives en favor de la Marat\u00f3 de TV3"},"content":{"rendered":"\n<p>El diumenge 18 de desembre La Marat\u00f3 dedicar\u00e0 la 31a edici\u00f3 a les malalties cardiovasculars, la principal causa de mort als pa\u00efsos desenvolupats i un dels problemes actuals de salut p\u00fablica m\u00e9s rellevants.<\/p>\n\n\n\n<p>Les malalties cardiovasculars, que inclouen les que afecten el&nbsp;<strong>cor&nbsp;<\/strong>i el&nbsp;<strong>sistema vascula<\/strong>r s\u00f3n la&nbsp;<strong>principal causa de mort als pa\u00efsos desenvolupats<\/strong>: segons dades de l&#8217;Organitzaci\u00f3 Mundial de la Salut, van causar prop de&nbsp;<strong>18 milions de morts el 2019<\/strong>, que representen el 32% del total de defuncions mundials. Aquestes xifres de mortalitat se sumen al seu&nbsp;<strong>car\u00e0cter cr\u00f2nic<\/strong>, fet que impacta directament sobre la qualitat de vida dels pacients i genera&nbsp;<strong>depend\u00e8ncia<\/strong>,<strong>&nbsp;risc de complicacions<\/strong>&nbsp;i uns costos sanitaris i socioecon\u00f2mics molt elevats. Tot aix\u00f2 les converteix en el principal problema actual de salut p\u00fablica.<\/p>\n\n\n\n<p>En motiu de&nbsp;<strong>La Marat\u00f3 de TV3<\/strong>&nbsp;l&#8217;Ajuntament organitza les seg\u00fcents activitats esportives.<\/p>\n\n\n\n<ul class=\"wp-block-list\">\n<li><strong>Power Balance<\/strong><\/li>\n<\/ul>\n\n\n\n<p>17 desembre&nbsp; de 9 a 14h de 17 a 21h&nbsp;<br>18 desembre&nbsp; de 9 a 14h<br><br>Lloc: Pol. Marina Bes\u00f2s i Poliesportiu Bes\u00f2s<br><\/p>\n\n\n\n<ul class=\"wp-block-list\">\n<li><strong>M\u00e0ster class aer\u00f2bic<\/strong><\/li>\n<\/ul>\n\n\n\n<p>18 desembre 12 a 14h<br>Lloc: Pol. Marina Bes\u00f2s i Poliesportiu Bes\u00f2s<br><br>&nbsp;<strong>*<\/strong>Cal inscripci\u00f3 pr\u00e8via en el mateix poliesportiu&nbsp;(c. Dolores Ibarruri s\/n)<\/p>\n\n\n\n<ul class=\"wp-block-list\">\n<li><strong>Caminada per l<\/strong><strong>a llera&nbsp;<\/strong><strong>del Riu<\/strong><\/li>\n<\/ul>\n\n\n\n<p>18 desembre de 9 a 13h per la Llera Riu Bes\u00f2s<br>Anada i tornada al pont de La Pollancreda (3.000m)<br><\/p>\n\n\n\n<ul class=\"wp-block-list\">\n<li><strong>Batejos aqu\u00e0tics<\/strong>&nbsp;<\/li>\n<\/ul>\n\n\n\n<p>17 desembre de 10 a 14h de 18 a 20h<br>18 de desembre de 10 a 14h<\/p>\n\n\n\n<p><strong>*<\/strong>Cal inscripci\u00f3 pr\u00e8via a Saitadiving per correu electr\u00f2nic:&nbsp;<a href=\"mailto:saitadiving@gmail.com\">saitadiving@gmail.com<\/a><\/p>\n","protected":false},"excerpt":{"rendered":"<p>El diumenge 18 de desembre La Marat\u00f3 dedicar\u00e0 la 31a edici\u00f3 a les malalties cardiovasculars, la principal causa de mort als pa\u00efsos desenvolupats i un dels problemes actuals de salut p\u00fablica m\u00e9s rellevants. Les malalties cardiovasculars, que inclouen les que afecten el&nbsp;cor&nbsp;i el&nbsp;sistema vascular s\u00f3n la&nbsp;principal causa de mort als pa\u00efsos desenvolupats: segons dades de [&hellip;]<\/p>\n","protected":false},"author":2,"featured_media":5767,"comment_status":"closed","ping_status":"open","sticky":false,"template":"","format":"standard","meta":{"footnotes":""},"categories":[134,137],"tags":[],"class_list":{"0":"post-5766","1":"post","2":"type-post","3":"status-publish","4":"format-standard","5":"has-post-thumbnail","7":"category-actualitat","8":"category-esports"},"_links":{"self":[{"href":"https:\/\/www.areabesos.com\/diario\/wp-json\/wp\/v2\/posts\/5766","targetHints":{"allow":["GET"]}}],"collection":[{"href":"https:\/\/www.areabesos.com\/diario\/wp-json\/wp\/v2\/posts"}],"about":[{"href":"https:\/\/www.areabesos.com\/diario\/wp-json\/wp\/v2\/types\/post"}],"author":[{"embeddable":true,"href":"https:\/\/www.areabesos.com\/diario\/wp-json\/wp\/v2\/users\/2"}],"replies":[{"embeddable":true,"href":"https:\/\/www.areabesos.com\/diario\/wp-json\/wp\/v2\/comments?post=5766"}],"version-history":[{"count":1,"href":"https:\/\/www.areabesos.com\/diario\/wp-json\/wp\/v2\/posts\/5766\/revisions"}],"predecessor-version":[{"id":5768,"href":"https:\/\/www.areabesos.com\/diario\/wp-json\/wp\/v2\/posts\/5766\/revisions\/5768"}],"wp:featuredmedia":[{"embeddable":true,"href":"https:\/\/www.areabesos.com\/diario\/wp-json\/wp\/v2\/media\/5767"}],"wp:attachment":[{"href":"https:\/\/www.areabesos.com\/diario\/wp-json\/wp\/v2\/media?parent=5766"}],"wp:term":[{"taxonomy":"category","embeddable":true,"href":"https:\/\/www.areabesos.com\/diario\/wp-json\/wp\/v2\/categories?post=5766"},{"taxonomy":"post_tag","embeddable":true,"href":"https:\/\/www.areabesos.com\/diario\/wp-json\/wp\/v2\/tags?post=5766"}],"curies":[{"name":"wp","href":"https:\/\/api.w.org\/{rel}","templated":true}]}}