{"id":5722,"date":"2022-11-23T10:48:55","date_gmt":"2022-11-23T09:48:55","guid":{"rendered":"https:\/\/www.areabesos.com\/diario\/?p=5722"},"modified":"2022-11-24T10:50:51","modified_gmt":"2022-11-24T09:50:51","slug":"erc-aconsegueix-60-milions-deuros-per-transformar-les-3-xemeneies-en-el-catalunya-media-city","status":"publish","type":"post","link":"https:\/\/www.areabesos.com\/diario\/erc-aconsegueix-60-milions-deuros-per-transformar-les-3-xemeneies-en-el-catalunya-media-city\/","title":{"rendered":"<strong>ERC aconsegueix 60 milions d\u2019euros per transformar les 3 Xemeneies en el Catalunya M\u00e8dia City<\/strong>"},"content":{"rendered":"\n<p>Avui s&#8217;ha presentat al Senat una esmena als pressupostos generals de l&#8217;Estat negociada per ERC amb el govern espanyol, per tal de destinar 60 milions d\u2019euros a finan\u00e7ar&nbsp; la reconversi\u00f3 de les tres xemeneies i donar forma al projecte del <em>Catalunya M\u00e8dia City<\/em>.<\/p>\n\n\n\n<p>El <em>Catalunya Media City<\/em> \u00e9s el projecte nascut entre el Govern de la Generalitat de Catalunya i tot el sector privat de l&#8217;audiovisual per fer un salt endavant en aquesta ind\u00fastria neta en creixement al nostre pa\u00eds. Est\u00e0 englobat a dins del Hub Digital de l&#8217;Audiovisual i el Videojoc.<\/p>\n\n\n\n<p>Precisament, el partit republic\u00e0 ha insistit en moltes ocasions en la necessitat d\u2019aprofitar les oportunitats que brinda l\u2019espai del Pla Director Urban\u00edstic de les 3 Xemeneies per revertir l\u2019her\u00e8ncia industrial contaminant de la ciutat i apostar per sectors a l\u2019al\u00e7a que permetin reindustrialitzar el municipi i el pa\u00eds a base d\u2019ind\u00fastria neta i que no contamini.<\/p>\n\n\n\n<h3 class=\"wp-block-heading\"><a><\/a><strong>Revertir l\u2019hist\u00f2ric abandonament de la ciutat<\/strong><\/h3>\n\n\n\n<p>ERC Sant Adri\u00e0 celebra l\u2019arribada d\u2019aquest finan\u00e7ament per garantir la generaraci\u00f3 d\u2019oportunitats i revertir l&#8217;hist\u00f2ric d&#8217;abandonament de la ciutat.<\/p>\n\n\n\n<p>Aquests 60 milions d\u2019euros negociats per ERC s\u00f3n tan importants perqu\u00e8 revertiran directament al nostre municipi, a Sant Adri\u00e0 de Bes\u00f2s. Concretament, a l&#8217;\u00e0mbit de les 3 Xemeneies.<\/p>\n\n\n\n<p>Els republicans pensen que sense aprovar el PDU de les 3 Xemeneies aquests recursos no haguessin vingut a la ciutat i no seria possible comen\u00e7ar la transformaci\u00f3 d\u2019aquest espai tan important pel municipi i que en aquest moment es troba degradat.<\/p>\n","protected":false},"excerpt":{"rendered":"<p>Avui s&#8217;ha presentat al Senat una esmena als pressupostos generals de l&#8217;Estat negociada per ERC amb el govern espanyol, per tal de destinar 60 milions d\u2019euros a finan\u00e7ar&nbsp; la reconversi\u00f3 de les tres xemeneies i donar forma al projecte del Catalunya M\u00e8dia City. El Catalunya Media City \u00e9s el projecte nascut entre el Govern de [&hellip;]<\/p>\n","protected":false},"author":2,"featured_media":5519,"comment_status":"closed","ping_status":"open","sticky":false,"template":"","format":"standard","meta":{"footnotes":""},"categories":[134],"tags":[],"class_list":{"0":"post-5722","1":"post","2":"type-post","3":"status-publish","4":"format-standard","5":"has-post-thumbnail","7":"category-actualitat"},"_links":{"self":[{"href":"https:\/\/www.areabesos.com\/diario\/wp-json\/wp\/v2\/posts\/5722","targetHints":{"allow":["GET"]}}],"collection":[{"href":"https:\/\/www.areabesos.com\/diario\/wp-json\/wp\/v2\/posts"}],"about":[{"href":"https:\/\/www.areabesos.com\/diario\/wp-json\/wp\/v2\/types\/post"}],"author":[{"embeddable":true,"href":"https:\/\/www.areabesos.com\/diario\/wp-json\/wp\/v2\/users\/2"}],"replies":[{"embeddable":true,"href":"https:\/\/www.areabesos.com\/diario\/wp-json\/wp\/v2\/comments?post=5722"}],"version-history":[{"count":1,"href":"https:\/\/www.areabesos.com\/diario\/wp-json\/wp\/v2\/posts\/5722\/revisions"}],"predecessor-version":[{"id":5723,"href":"https:\/\/www.areabesos.com\/diario\/wp-json\/wp\/v2\/posts\/5722\/revisions\/5723"}],"wp:featuredmedia":[{"embeddable":true,"href":"https:\/\/www.areabesos.com\/diario\/wp-json\/wp\/v2\/media\/5519"}],"wp:attachment":[{"href":"https:\/\/www.areabesos.com\/diario\/wp-json\/wp\/v2\/media?parent=5722"}],"wp:term":[{"taxonomy":"category","embeddable":true,"href":"https:\/\/www.areabesos.com\/diario\/wp-json\/wp\/v2\/categories?post=5722"},{"taxonomy":"post_tag","embeddable":true,"href":"https:\/\/www.areabesos.com\/diario\/wp-json\/wp\/v2\/tags?post=5722"}],"curies":[{"name":"wp","href":"https:\/\/api.w.org\/{rel}","templated":true}]}}