{"id":5720,"date":"2022-11-23T09:43:00","date_gmt":"2022-11-23T08:43:00","guid":{"rendered":"https:\/\/www.areabesos.com\/diario\/?p=5720"},"modified":"2022-11-24T10:44:00","modified_gmt":"2022-11-24T09:44:00","slug":"tersa-finalitza-la-parada-de-manteniment-de-la-planta-de-valoritzacio-energetica-de-sant-adria-de-besos","status":"publish","type":"post","link":"https:\/\/www.areabesos.com\/diario\/tersa-finalitza-la-parada-de-manteniment-de-la-planta-de-valoritzacio-energetica-de-sant-adria-de-besos\/","title":{"rendered":"<strong>TERSA finalitza la parada de manteniment de la Planta de Valoritzaci\u00f3 Energ\u00e8tica de Sant Adri\u00e0 de Bes\u00f2s<\/strong>"},"content":{"rendered":"\n<p>TERSA, l\u2019empresa p\u00fablica de gesti\u00f3 de serveis ambientals i que est\u00e0 participada per l\u2019\u00c0rea Metropolitana de Barcelona i l\u2019Ajuntament de Barcelona, ha finalitzat l\u2019aturada de l\u2019activitat de la seva Planta de Valoritzaci\u00f3 Energ\u00e8tica (PVE), situada a Sant Adri\u00e0 de Bes\u00f2s, per a realitzar tasques de manteniment preventiu i correctiu i introduir millores tecnol\u00f2giques.<\/p>\n\n\n\n<p>L\u2019objectiu d\u2019aquesta parada, que s\u2019ha donat per finalitzada el 15 de novembre, ha estat assegurar el bon funcionament de les instal\u00b7lacions i introduir millores tecnol\u00f2giques que optimitzin la seva efectivitat.&nbsp;<\/p>\n\n\n\n<p>La parada t\u00e8cnica i programada de la PVE, que TERSA realitza de forma peri\u00f2dica, ha perm\u00e8s executar treballs que nom\u00e9s poden efectuar-se quan la planta no est\u00e0 en funcionament. Proporcionalment, les tasques de car\u00e0cter preventiu han estat el 75% del total, i les de car\u00e0cter correctiu han suposat el 25%.&nbsp;<\/p>\n\n\n\n<p>Amb una inversi\u00f3 aproximada de 3 milions d\u2019euros, l\u2019aturada de manteniment s\u2019ha dut a terme sota totes les mesures de seguretat i prevenci\u00f3 establertes per les autoritats. L\u2019arrencada final de totes les l\u00ednies de combusti\u00f3 per recuperar l\u2019activitat de la planta s\u2019ha fet de forma progressiva.<\/p>\n\n\n\n<p><strong>La instal\u00b7laci\u00f3 d\u2019uns nous analitzadors de l\u00ednia, entre les millores m\u00e9s destacades<\/strong><\/p>\n\n\n\n<p>Durant l\u2019aturada de la PVE, a m\u00e9s de les accions de manteniment, s\u2019han introdu\u00eft millores tecnol\u00f2giques com la substituci\u00f3 i ampliaci\u00f3 dels sistemes autom\u00e0tics de mesura per nous equips de control d\u2019emissions amb la tecnologia m\u00e9s avan\u00e7ada existent en el mercat.<\/p>\n\n\n\n<p>Aquest fet permetr\u00e0 un control i una an\u00e0lisi encara m\u00e9s exhaustius de cadascun dels processos de les l\u00ednies de combusti\u00f3 de la PVE, optimitzant el seu proc\u00e9s i la neteja de gasos i, en general, el funcionament de la planta.<\/p>\n\n\n\n<p>D\u2019aquesta manera, TERSA segueix amb el seu comprom\u00eds de millora cont\u00ednua, revisant tots els seus processos i optimitzant-los amb la implantaci\u00f3 de l\u2019\u00faltima tecnologia del sector.<\/p>\n","protected":false},"excerpt":{"rendered":"<p>TERSA, l\u2019empresa p\u00fablica de gesti\u00f3 de serveis ambientals i que est\u00e0 participada per l\u2019\u00c0rea Metropolitana de Barcelona i l\u2019Ajuntament de Barcelona, ha finalitzat l\u2019aturada de l\u2019activitat de la seva Planta de Valoritzaci\u00f3 Energ\u00e8tica (PVE), situada a Sant Adri\u00e0 de Bes\u00f2s, per a realitzar tasques de manteniment preventiu i correctiu i introduir millores tecnol\u00f2giques. L\u2019objectiu d\u2019aquesta [&hellip;]<\/p>\n","protected":false},"author":2,"featured_media":2976,"comment_status":"closed","ping_status":"open","sticky":false,"template":"","format":"standard","meta":{"footnotes":""},"categories":[134],"tags":[],"class_list":{"0":"post-5720","1":"post","2":"type-post","3":"status-publish","4":"format-standard","5":"has-post-thumbnail","7":"category-actualitat"},"_links":{"self":[{"href":"https:\/\/www.areabesos.com\/diario\/wp-json\/wp\/v2\/posts\/5720","targetHints":{"allow":["GET"]}}],"collection":[{"href":"https:\/\/www.areabesos.com\/diario\/wp-json\/wp\/v2\/posts"}],"about":[{"href":"https:\/\/www.areabesos.com\/diario\/wp-json\/wp\/v2\/types\/post"}],"author":[{"embeddable":true,"href":"https:\/\/www.areabesos.com\/diario\/wp-json\/wp\/v2\/users\/2"}],"replies":[{"embeddable":true,"href":"https:\/\/www.areabesos.com\/diario\/wp-json\/wp\/v2\/comments?post=5720"}],"version-history":[{"count":1,"href":"https:\/\/www.areabesos.com\/diario\/wp-json\/wp\/v2\/posts\/5720\/revisions"}],"predecessor-version":[{"id":5721,"href":"https:\/\/www.areabesos.com\/diario\/wp-json\/wp\/v2\/posts\/5720\/revisions\/5721"}],"wp:featuredmedia":[{"embeddable":true,"href":"https:\/\/www.areabesos.com\/diario\/wp-json\/wp\/v2\/media\/2976"}],"wp:attachment":[{"href":"https:\/\/www.areabesos.com\/diario\/wp-json\/wp\/v2\/media?parent=5720"}],"wp:term":[{"taxonomy":"category","embeddable":true,"href":"https:\/\/www.areabesos.com\/diario\/wp-json\/wp\/v2\/categories?post=5720"},{"taxonomy":"post_tag","embeddable":true,"href":"https:\/\/www.areabesos.com\/diario\/wp-json\/wp\/v2\/tags?post=5720"}],"curies":[{"name":"wp","href":"https:\/\/api.w.org\/{rel}","templated":true}]}}