{"id":5711,"date":"2022-11-22T10:29:43","date_gmt":"2022-11-22T09:29:43","guid":{"rendered":"https:\/\/www.areabesos.com\/diario\/?p=5711"},"modified":"2022-11-22T10:29:43","modified_gmt":"2022-11-22T09:29:43","slug":"puede-felipe-vi-dar-un-golpe-de-estado-y-no-ser-juzgado-aunque-fracase","status":"publish","type":"post","link":"https:\/\/www.areabesos.com\/diario\/puede-felipe-vi-dar-un-golpe-de-estado-y-no-ser-juzgado-aunque-fracase\/","title":{"rendered":"<strong>\u00bfPuede Felipe VI dar un golpe de Estado y no ser juzgado, aunque fracase?<\/strong>"},"content":{"rendered":"\n<p>Tampoco hubo juez ninguno que se atreviera a investigar a los dos jefes de Estado anteriores, pero podr\u00eda ser porque sus respectivos golpes de Estado triunfaron.<\/p>\n\n\n\n<p>El del em\u00e9rito es el que mejor nos sirve para pensar en Felipe VI si avalara, desde la sombra o a la luz del d\u00eda, una acci\u00f3n que siempre ense\u00f1ar\u00eda la amenaza militar y con \u00e9l mismo evidenciando su funci\u00f3n de MASUFA, acr\u00f3nimo sin maldad del muy constitucional \u201cmando supremo de las Fuerzas Armadas\u201d.<\/p>\n\n\n\n<p>Me refiero a Juan Carlos I, el MASUFA anterior, intrigando con Armada contra Su\u00e1rez a partir de una fecha a\u00fan desconocida, tras las elecciones generales de 1979. En el juicio del 23F ni siquiera se admitieron las pruebas que aquel general quiso aportar para certificar los porqu\u00e9s de sus contactos con Juan Carlos I.<\/p>\n\n\n\n<p>Aunque estos d\u00edas todas las miradas y o\u00eddos se concentran en una ley nueva que algunos jueces han interpretado muy deprisa a favor de violadores condenados, o en los goles manchados con la sangre de miles de trabajadores vertida a menos distancia de Abu Dabi que Sanxenxo de Madrid, no esquivar\u00e9 un escenario posible, que yo mismo crear\u00eda si pudiera, y dos preguntas derivadas.<\/p>\n\n\n\n<p>Imagine usted a 50 encuestadores en la Puerta del Sol de Madrid haciendo la pregunta del t\u00edtulo a cualquiera que sepa hablar y que, de repente, por all\u00ed aparezcan&nbsp;personas tan parlantes como D\u00edaz Ayuso, Garc\u00eda-Page, Gonz\u00e1lez (Felipe), Guerra (Alfonso), Mart\u00ednez Almeida, N\u00fa\u00f1ez Feij\u00f3o y S\u00e1nchez (Pedro), por orden alfab\u00e9tico, es decir, sin maldad desde este art\u00edculo.<\/p>\n\n\n\n<p>\u00bfCu\u00e1ntas de esas seis pol\u00edticas no abrir\u00edan ni la boca ante la evidencia de que no pueden contestar que \u201cno saben\u201d, ni tampoco arriesgarse a que les llamen idiotas tras responder una mentira?<\/p>\n\n\n\n<p>Probablemente todas.<\/p>\n\n\n\n<p>\u00bfY cu\u00e1ntas de las seis buscar\u00edan alguna autoridad incauta, pues competente para el \u201cdelito\u201d de preguntar no creo que exista, para denunciar tanta osad\u00eda demosc\u00f3pica en la v\u00eda p\u00fablica, a la luz del d\u00eda y protagonizada por una banda de desestabilizadores fuera de control?<\/p>\n\n\n\n<p>Quiz\u00e1s m\u00e1s de una.<\/p>\n\n\n\n<p>(A partir de ahora escribir\u00e9 m\u00e1s deprisa para que las amenazas que vigilan no tengan tiempo de enterarse de mis obsesiones e intenten asustarme).<\/p>\n\n\n\n<p>Las preguntas que siguen s\u00ed se corresponden a hechos, por lo que me referir\u00e9 a uno muy reciente.<\/p>\n\n\n\n<p>Resulta que el MASUFA actual ha recibido, en audiencia y junto a otros militares, al tal Alejandre, que en 2017 era el JEMAD, acr\u00f3nimo igual de inocente de \u00abjefe del Estado Mayor de la Defensa\u00bb, de quien acabamos de saber que hab\u00eda organizado un plan para acojonar a los catalanes con el Ej\u00e9rcito tras el refer\u00e9ndum del 1-O de aquel a\u00f1o. Esto debe ser cierto, pues el Gobierno ha respondido a una pregunta en el Congreso diciendo que desconoc\u00eda ese plan de Alejandre (aunque gobernaba Rajoy y qui\u00e9n sabe los papeles que destruy\u00f3 antes de entregar a S\u00e1nchez la Moncloa), y que resultar\u00eda \u201cinaceptable\u201d si hubiera existido, aunque otros medios han escrito que el calificativo que eligi\u00f3 el gobierno fue \u00abgrav\u00edsimo\u00bb.<\/p>\n\n\n\n<p>La imaginaci\u00f3n es libre, pero es inimaginable que cualquier JEMAD haga algo de esa envergadura sin informar antes al MASUFA. Tambi\u00e9n viene a cuento recordar que lo primero que dijo Rajoy tras caer con la moci\u00f3n de censura fue que \u00e9l no hab\u00eda sido quien pidi\u00f3 que el 3 de octubre el MASUFA, aunque disfrazado de civil, saliera por TV.<\/p>\n\n\n\n<p>Seguimos imaginando y tambi\u00e9n recordamos que S\u00e1nchez, impresionado por los miles de votantes catalanes apaleados ante las urnas, afirm\u00f3 que pedir\u00eda en el Congreso la reprobaci\u00f3n de Soraya, ministra del Interior, pero un d\u00eda despu\u00e9s no solo no lo hizo, sino que aplaudi\u00f3 los nueve minutos televisivos que, al d\u00eda siguiente, provocaron la mayor ca\u00edda que recuerdo del Ibex 35, siempre comparando el selectivo espa\u00f1ol con el resto de europeos de referencia, lo que hace pensar que a quienes no informaron los informados e implicados MASUFA, JEMAD y otros que solo ellos saben, fue a los due\u00f1os del dinero, pues de lo contrario no se habr\u00edan asustado tanto con lo que vieron por TV la noche del 3 de octubre de 2017.<\/p>\n\n\n\n<p>Menos mal que, sin perder un instante, Puigdemont pronunci\u00f3 el d\u00eda 4 un discurso tranquilizador que permiti\u00f3 que los r\u00edos del dinero volvieran a sus cauces, comportamiento que el Reino de Espa\u00f1a supo agradecer por partida doble, con el decreto para facilitar que las grandes empresas salieran huyendo de Catalunya y un 155 para que el golpe de Estado territorialmente limitado sucediera dentro de una Constituci\u00f3n que, a fin de cuentas, lleva el gen de la amenaza desde los tiempo de su nacimiento.<\/p>\n\n\n\n<p>A pesar de que no puede caber duda de la implicaci\u00f3n del Felipe VI versi\u00f3n MASUFA en los planes para ocupar Catalunya del JEMAD, por mucho, poco o nada que, de cara a la galer\u00eda, se escandalice el Gobierno de Coalici\u00f3n Progresista, lo&nbsp;cierto es que no ha iniciado la menor investigaci\u00f3n judicial, ni de ninguna otra clase que sepamos, para desentra\u00f1ar las acciones clandestinas que unos y otros organizaron contra la Catalunya que acababa de celebrar un refer\u00e9ndum a cara descubierta, por muy ilegal que fuera declarado.<\/p>\n\n\n\n<p>Por tanto, a pesar del tiempo transcurrido y salvando el resto de distancias, lo cierto es que todos los poderes del Estado se han mostrado igualmente sumisos ante dos intervenciones de dos reyes sucesivos que ocultaron demasiadas estrategias inconfesables.&nbsp;<\/p>\n\n\n\n<p>La conclusi\u00f3n m\u00e1s evidente es que lo \u00fanico que ha cambiado desde la madrugada del 24 de febrero de 1981 a la noche del 3 de octubre de 2022 es que hace 41 a\u00f1os el rey se visti\u00f3 de MASUFA y 36 a\u00f1os despu\u00e9s se disfraz\u00f3 de civil. En esta ocasi\u00f3n, el uniforme habr\u00eda sentado fatal en Europa pues ning\u00fan independentista europeo y al mismo tiempo catal\u00e1n hab\u00eda mostrado ning\u00fan arma que no fuera una papeleta de voto para festejar una urna.<\/p>\n\n\n\n<p>Para finalizar, si quiere usted las respuestas jur\u00eddicas y pol\u00edticas a la pregunta del t\u00edtulo, solo tiene que buscar en Internet grupos de palabras como \u201cfiscal Luz\u00f3n em\u00e9rito marzo\u201d, \u201cCarmen Calvo inviolabilidad mayo\u201d o \u201cPSOE PP PNV inviolabilidad\u201d.<\/p>\n\n\n\n<p>Leyendo lo que vaya apareciendo en las pantallas podr\u00e1 confirmar que s\u00ed, que Felipe VI, siempre MASUFA se vista como se vista, puede implicarse en un golpe de Estado, ocasionar desde una hasta miles de v\u00edctimas mortales y triunfar o fracasar, pero, si le da la gana, seguir en La Zarzuela sin verse obligado a declarar ante ninguna autoridad de su Reino de Espa\u00f1a.<\/p>\n\n\n\n<p>Por eso, porque lo saben y no quieren cambiarlo, pues les conviene una impunidad Real que por inter\u00e9s mutuo podr\u00eda proteger tambi\u00e9n a algunos de sus delincuentes, las personas m\u00e1s pol\u00edticas de las que nos podamos encontrar en la Puerta del Sol madrile\u00f1a jam\u00e1s contestar\u00e1n a las preguntas atrevidas de unos encuestadores que nunca contratar\u00eda\u00a0el CIS de una monarqu\u00eda tan mal renacida y vivida como la espa\u00f1ola.<\/p>\n\n\n\n<p><span style=\"background-color:#060000\" class=\"td_text_highlight_marker\">Domingo Sanz<\/span><\/p>\n","protected":false},"excerpt":{"rendered":"<p>Tampoco hubo juez ninguno que se atreviera a investigar a los dos jefes de Estado anteriores, pero podr\u00eda ser porque sus respectivos golpes de Estado triunfaron. El del em\u00e9rito es el que mejor nos sirve para pensar en Felipe VI si avalara, desde la sombra o a la luz del d\u00eda, una acci\u00f3n que siempre [&hellip;]<\/p>\n","protected":false},"author":2,"featured_media":1632,"comment_status":"closed","ping_status":"open","sticky":false,"template":"","format":"standard","meta":{"footnotes":""},"categories":[139],"tags":[],"class_list":{"0":"post-5711","1":"post","2":"type-post","3":"status-publish","4":"format-standard","5":"has-post-thumbnail","7":"category-opinio"},"_links":{"self":[{"href":"https:\/\/www.areabesos.com\/diario\/wp-json\/wp\/v2\/posts\/5711","targetHints":{"allow":["GET"]}}],"collection":[{"href":"https:\/\/www.areabesos.com\/diario\/wp-json\/wp\/v2\/posts"}],"about":[{"href":"https:\/\/www.areabesos.com\/diario\/wp-json\/wp\/v2\/types\/post"}],"author":[{"embeddable":true,"href":"https:\/\/www.areabesos.com\/diario\/wp-json\/wp\/v2\/users\/2"}],"replies":[{"embeddable":true,"href":"https:\/\/www.areabesos.com\/diario\/wp-json\/wp\/v2\/comments?post=5711"}],"version-history":[{"count":1,"href":"https:\/\/www.areabesos.com\/diario\/wp-json\/wp\/v2\/posts\/5711\/revisions"}],"predecessor-version":[{"id":5712,"href":"https:\/\/www.areabesos.com\/diario\/wp-json\/wp\/v2\/posts\/5711\/revisions\/5712"}],"wp:featuredmedia":[{"embeddable":true,"href":"https:\/\/www.areabesos.com\/diario\/wp-json\/wp\/v2\/media\/1632"}],"wp:attachment":[{"href":"https:\/\/www.areabesos.com\/diario\/wp-json\/wp\/v2\/media?parent=5711"}],"wp:term":[{"taxonomy":"category","embeddable":true,"href":"https:\/\/www.areabesos.com\/diario\/wp-json\/wp\/v2\/categories?post=5711"},{"taxonomy":"post_tag","embeddable":true,"href":"https:\/\/www.areabesos.com\/diario\/wp-json\/wp\/v2\/tags?post=5711"}],"curies":[{"name":"wp","href":"https:\/\/api.w.org\/{rel}","templated":true}]}}