{"id":5708,"date":"2022-11-21T12:33:49","date_gmt":"2022-11-21T11:33:49","guid":{"rendered":"https:\/\/www.areabesos.com\/diario\/?p=5708"},"modified":"2022-11-21T12:33:50","modified_gmt":"2022-11-21T11:33:50","slug":"sant-adria-en-comu-denuncia-el-malbaratament-de-lenllumenat-de-nadal","status":"publish","type":"post","link":"https:\/\/www.areabesos.com\/diario\/sant-adria-en-comu-denuncia-el-malbaratament-de-lenllumenat-de-nadal\/","title":{"rendered":"Sant Adri\u00e0 En Com\u00fa denuncia el malbaratament de l\u2019enllumenat de Nadal"},"content":{"rendered":"\n<p>El decret llei per estalviar energia\u00a0impulsada\u00a0pel govern espanyol, i que t\u00e9 com a mesura estrella la limitaci\u00f3 de la temperatura a 27 graus a l\u2019estiu i a 19 graus a l\u2019hivern, va entrar en vigor el dimecres, 10 d\u2019agost d\u2019enguany amb la intenci\u00f3 que havia de servir per retallar substancialment la factura energ\u00e8tica i per complir amb els objectius que marca Brussel\u00b7les.<br>Aquest decret\u00a0contenia\u00a0tot un seguit de mesures que les administracions\u00a0p\u00fabliques\u00a0(i altres com comer\u00e7os, supermercats, espais culturals o transports) havien d\u2019implementar.\u00a0Quedaven exempts hospitals, centres educatius i perruqueries i les habitacions d\u2019hotel, que es consideren un espai privat. A les cases particulars no s\u2019introdueix cap l\u00edmit de temperatura. Tampoc s\u2019havien d\u2019aplicar en els espais laborals com ara cuines o bars o qualsevol feina on els treballadors estiguin en moviment.\u00a0En aquests casos, es respectar\u00e0 la normativa laboral que marca el m\u00e0xim de temperatura en 25 graus.<br>Un altre dels canvis a aplicar era l\u2019obligaci\u00f3 d\u2019apagar les llums dels aparadors a les 22.00 h. La resoluci\u00f3 tamb\u00e9 s\u2019aplica a l\u2019enllumenat dels edificis p\u00fablics que estiguin desocupats.<\/p>\n\n\n\n<p>El mateix 10 d\u2019agost, la corporaci\u00f3 vam rebre un missatge de l\u2019alcaldessa en qu\u00e8\u00a0ens informava que \u201cEn compliment del decret estalvi energ\u00e8tic s\u2019ha donat ordre d\u2019apagar la llum de l\u2019aparador de l\u2019Ajuntament i de l\u2019arc com a edificis municipals.\u201d Tamb\u00e9 ens informaven d\u2019altres mesures, que tenien a veure principalment amb l\u2019\u00fas de l\u2019aire condicionat a les instal\u00b7lacions municipals. Les regidores que alguns dies anem a treballar al despatx de l\u2019ajuntament a les tardes, hem hagut de veure com el personal de neteja suava i s\u2019ofegava per haver de treballar en les repetides onades de calor d\u2019aquest estiu a unes temperatures realment inhumanes.<\/p>\n\n\n\n<p>I ara ens trobem\u00a0amb que\u00a0Sant Adri\u00e0 ser\u00e0 el primer municipi de tot Catalunya d\u2019encendre l\u2019enllumenat nadalenc. Sembla que l\u2019objectiu \u00e9s animar al consum nadalenc i estimular el comer\u00e7 a la ciutat. Per\u00f2 des de\u00a0SAeC\u00a0ens preguntem: realment \u00e9s una mesura raonable? Com retallem en condicions saludables de feina i malbaratem en enllumenats en carrers que no tenen comer\u00e7 i sense donar compliment al decret? Estaran enceses tota la nit com fins ara o les apagaran tamb\u00e9 a les\u00a022h, com s\u2019ha de fer amb aparadors i altres espais?<\/p>\n\n\n\n<p>No hauria de ser el\u00a0propi\u00a0equip de govern el primer\u00a0a\u00a0donar exemple d\u2019austeritat i sostenibilitat? Quin \u00e9s el grau de comprom\u00eds d\u2019aquest equip amb l\u2019estalvi energ\u00e8tic?\u00a0Novament,\u00a0trobem a faltar coher\u00e8ncia en les mesures adoptades des del govern de la ciutat, que va ficant pegats\u00a0conforme\u00a0arriba el moment, nyap rere nyap, sense un model clar de ciutat ni capacitat per treballar amb la ciutadania les decisions, plegant-se a peticions de part, que deixen en segon o tercer terme els interessos del b\u00e9 com\u00fa. Tot i aix\u00f2, des de\u00a0SAeC\u00a0us dessitjem\u00a0unes bones festes i un pr\u00f2sper 2023<\/p>\n","protected":false},"excerpt":{"rendered":"<p>El decret llei per estalviar energia\u00a0impulsada\u00a0pel govern espanyol, i que t\u00e9 com a mesura estrella la limitaci\u00f3 de la temperatura a 27 graus a l\u2019estiu i a 19 graus a l\u2019hivern, va entrar en vigor el dimecres, 10 d\u2019agost d\u2019enguany amb la intenci\u00f3 que havia de servir per retallar substancialment la factura energ\u00e8tica i per [&hellip;]<\/p>\n","protected":false},"author":2,"featured_media":5709,"comment_status":"closed","ping_status":"open","sticky":false,"template":"","format":"standard","meta":{"footnotes":""},"categories":[134,139],"tags":[],"class_list":{"0":"post-5708","1":"post","2":"type-post","3":"status-publish","4":"format-standard","5":"has-post-thumbnail","7":"category-actualitat","8":"category-opinio"},"_links":{"self":[{"href":"https:\/\/www.areabesos.com\/diario\/wp-json\/wp\/v2\/posts\/5708","targetHints":{"allow":["GET"]}}],"collection":[{"href":"https:\/\/www.areabesos.com\/diario\/wp-json\/wp\/v2\/posts"}],"about":[{"href":"https:\/\/www.areabesos.com\/diario\/wp-json\/wp\/v2\/types\/post"}],"author":[{"embeddable":true,"href":"https:\/\/www.areabesos.com\/diario\/wp-json\/wp\/v2\/users\/2"}],"replies":[{"embeddable":true,"href":"https:\/\/www.areabesos.com\/diario\/wp-json\/wp\/v2\/comments?post=5708"}],"version-history":[{"count":1,"href":"https:\/\/www.areabesos.com\/diario\/wp-json\/wp\/v2\/posts\/5708\/revisions"}],"predecessor-version":[{"id":5710,"href":"https:\/\/www.areabesos.com\/diario\/wp-json\/wp\/v2\/posts\/5708\/revisions\/5710"}],"wp:featuredmedia":[{"embeddable":true,"href":"https:\/\/www.areabesos.com\/diario\/wp-json\/wp\/v2\/media\/5709"}],"wp:attachment":[{"href":"https:\/\/www.areabesos.com\/diario\/wp-json\/wp\/v2\/media?parent=5708"}],"wp:term":[{"taxonomy":"category","embeddable":true,"href":"https:\/\/www.areabesos.com\/diario\/wp-json\/wp\/v2\/categories?post=5708"},{"taxonomy":"post_tag","embeddable":true,"href":"https:\/\/www.areabesos.com\/diario\/wp-json\/wp\/v2\/tags?post=5708"}],"curies":[{"name":"wp","href":"https:\/\/api.w.org\/{rel}","templated":true}]}}