{"id":5504,"date":"2022-09-14T13:27:00","date_gmt":"2022-09-14T11:27:00","guid":{"rendered":"https:\/\/www.areabesos.com\/diario\/?p=5504"},"modified":"2022-09-15T13:31:29","modified_gmt":"2022-09-15T11:31:29","slug":"grup-tersa-presenta-la-memoria-de-sostenibilitat-2021","status":"publish","type":"post","link":"https:\/\/www.areabesos.com\/diario\/grup-tersa-presenta-la-memoria-de-sostenibilitat-2021\/","title":{"rendered":"Grup TERSA presenta la Mem\u00f2ria de Sostenibilitat 2021"},"content":{"rendered":"\n<p>Grup TERSA, l\u2019empresa especialitzada en la gesti\u00f3 de serveis ambientals relacionats amb l\u2019economia circular, ha presentat la Mem\u00f2ria de Sostenibilitat 2021 en un exercici de transpar\u00e8ncia i amb l\u2019objectiu de compartir l\u2019acompliment de la companyia en l\u2019\u00e0mbit social, econ\u00f2mic i ambiental.<br>El document ha estat elaborat d\u2019acord amb els est\u00e0ndards de Global Reporting Initiative (GRI), organitzaci\u00f3 internacional que fomenta la redacci\u00f3 d\u2019aquest tipus d\u2019informes, i exposa la informaci\u00f3 relativa als fets m\u00e9s rellevants de l\u2019empresa produ\u00efts durant el 2021.<br>Entre els projectes m\u00e9s rellevants que es recullen a la mem\u00f2ria, es destaquen:<br>\u2022 La posada en marxa del sistema catal\u00edtic a la Planta de Valoritzaci\u00f3 Energ\u00e8tica (PVE), que ha perm\u00e8s la reducci\u00f3 d\u2019un 50 % de les emissions de NOx. Aquesta tecnologia puntera, que correspon a un projecte aprovat el 2016 i que ha suposat una inversi\u00f3 de 18 milions d\u2019euros, ha perm\u00e8s a Grup TERSA avan\u00e7ar-se dos anys al BREF, la nova normativa europea obligat\u00f2ria a partir de 2023 que rebaixa el l\u00edmit d\u2019emissions d\u2019\u00f2xids de nitrogen a 150 mg\/Nm3 per a les plantes de valoritzaci\u00f3 energ\u00e8tica ja existents.<br>\u2022 Barcelona Energia ha signat un conveni de col\u00b7laboraci\u00f3 amb la Federaci\u00f3 de Mercats Municipals de Barcelona (FEMM). L\u2019acord pret\u00e9n millorar l\u2019efici\u00e8ncia energ\u00e8tica dels mercats de la ciutat i generar un estalvi econ\u00f2mic als seus comerciants, ajudant-los a reduir l\u2019impacte econ\u00f2mic i mediambiental que generen els seus negocis.<br>\u2022 El programa \u201cEscoles + Sostenibles\u201d ha complert 20 anys. Durant aquest temps, prop de 500 centres educatius hi han participat per promoure la sostenibilitat des de les aules.<br>\u2022 S\u2019ha iniciat el projecte de millora cont\u00ednua al Centre de Tractament de Residus Municipals de Gav\u00e0-Viladecans que incorpora l\u2019\u00fas de diferents eines per a l\u2019optimitzaci\u00f3 dels procediments.<br>\u2022 S\u2019ha aprovat el Pla d\u2019Igualtat de TERSA, SEMESA i SIRESA per integrar la perspectiva de g\u00e8nere en la cultura de la companyia i fomentar la igualtat d\u2019oportunitats.<br>\u2022 S\u2019ha desplegat el Pla de Responsabilitat Social Corporativa, una eina per promoure una<br>\u2022 Gesti\u00f3 responsable d\u2019acord amb criteris socials, ambientals i de bon govern.<br>Aix\u00ed doncs, el Grup TERSA posa a disposici\u00f3 de la ciutadania informaci\u00f3 relativa a la seva activitat, cadena de valor, el comprom\u00eds social i ambiental, la gesti\u00f3 de l\u2019equip hum\u00e0 i el seu impacte en la comunitat.<br>L\u2019empresa reafirma aix\u00ed, el comprom\u00eds amb la sostenibilitat i amb l\u2019apropament de la seva missi\u00f3 i visi\u00f3 a la ciutadania.<br>La Mem\u00f2ria de Sostenibilitat 2021 del Grup TERSA es pot consultar en aquest <a href=\"https:\/\/www.tersa.cat\/media\/3142\/memoria-tersa-2021-catal%C3%A0-web.pdf\">enlla\u00e7<\/a> (en catal\u00e0) <br>La Mem\u00f2ria de Sostenibilitat 2021 del Grup TERSA es pot consultar en aquest <a href=\"https:\/\/www.tersa.cat\/media\/3141\/memoria-tersa-2021-castell%C3%A0-web.pdf\">enlla\u00e7<\/a> (en<br>castell\u00e0).<\/p>\n","protected":false},"excerpt":{"rendered":"<p>Grup TERSA, l\u2019empresa especialitzada en la gesti\u00f3 de serveis ambientals relacionats amb l\u2019economia circular, ha presentat la Mem\u00f2ria de Sostenibilitat 2021 en un exercici de transpar\u00e8ncia i amb l\u2019objectiu de compartir l\u2019acompliment de la companyia en l\u2019\u00e0mbit social, econ\u00f2mic i ambiental.El document ha estat elaborat d\u2019acord amb els est\u00e0ndards de Global Reporting Initiative (GRI), organitzaci\u00f3 [&hellip;]<\/p>\n","protected":false},"author":2,"featured_media":2976,"comment_status":"open","ping_status":"open","sticky":false,"template":"","format":"standard","meta":{"footnotes":""},"categories":[134],"tags":[],"class_list":{"0":"post-5504","1":"post","2":"type-post","3":"status-publish","4":"format-standard","5":"has-post-thumbnail","7":"category-actualitat"},"_links":{"self":[{"href":"https:\/\/www.areabesos.com\/diario\/wp-json\/wp\/v2\/posts\/5504","targetHints":{"allow":["GET"]}}],"collection":[{"href":"https:\/\/www.areabesos.com\/diario\/wp-json\/wp\/v2\/posts"}],"about":[{"href":"https:\/\/www.areabesos.com\/diario\/wp-json\/wp\/v2\/types\/post"}],"author":[{"embeddable":true,"href":"https:\/\/www.areabesos.com\/diario\/wp-json\/wp\/v2\/users\/2"}],"replies":[{"embeddable":true,"href":"https:\/\/www.areabesos.com\/diario\/wp-json\/wp\/v2\/comments?post=5504"}],"version-history":[{"count":1,"href":"https:\/\/www.areabesos.com\/diario\/wp-json\/wp\/v2\/posts\/5504\/revisions"}],"predecessor-version":[{"id":5505,"href":"https:\/\/www.areabesos.com\/diario\/wp-json\/wp\/v2\/posts\/5504\/revisions\/5505"}],"wp:featuredmedia":[{"embeddable":true,"href":"https:\/\/www.areabesos.com\/diario\/wp-json\/wp\/v2\/media\/2976"}],"wp:attachment":[{"href":"https:\/\/www.areabesos.com\/diario\/wp-json\/wp\/v2\/media?parent=5504"}],"wp:term":[{"taxonomy":"category","embeddable":true,"href":"https:\/\/www.areabesos.com\/diario\/wp-json\/wp\/v2\/categories?post=5504"},{"taxonomy":"post_tag","embeddable":true,"href":"https:\/\/www.areabesos.com\/diario\/wp-json\/wp\/v2\/tags?post=5504"}],"curies":[{"name":"wp","href":"https:\/\/api.w.org\/{rel}","templated":true}]}}