{"id":5497,"date":"2022-09-09T12:22:00","date_gmt":"2022-09-09T10:22:00","guid":{"rendered":"https:\/\/www.areabesos.com\/diario\/?p=5497"},"modified":"2022-09-15T12:26:40","modified_gmt":"2022-09-15T10:26:40","slug":"las-recesiones","status":"publish","type":"post","link":"https:\/\/www.areabesos.com\/diario\/las-recesiones\/","title":{"rendered":"Las recesiones"},"content":{"rendered":"\n<p>Parece ser&nbsp;que hace alg\u00fan tiempo nos dicen que vamos&nbsp;a una recesi\u00f3n, la mayor parte de los trabajadores no sabemos de qu\u00e9 se habla, ni tampoco sabemos qui\u00e9n ha provocado esta recesi\u00f3n, ya que nosotros nos hemos dedicado a trabajar y con nuestro salario mantener a nuestras familias. Dicen&nbsp;que es una depresi\u00f3n de las actividades econ\u00f3micas en general que tiende a ser pasajera.<\/p>\n\n\n\n<p>Muchos nos preguntamos qui\u00e9n provoca las recesiones. Las recesiones pueden resultar de un conjunto de errores de negocios\u00a0que se realizan simult\u00e1neamente. Las empresas se ven obligadas a reasignar recursos, reducir la producci\u00f3n, limitar las p\u00e9rdidas y despedir empleados. Pero lo que est\u00e1 m\u00e1s claro es la inflaci\u00f3n, la mayor culpable de las recesiones. Las soluciones para salir de las recesiones son muchas, despu\u00e9s de analizar las soluciones y ver las que se podr\u00edan aplicar\u00a0dentro de la ley, solo creo que la mejor y m\u00e1s pr\u00e1ctica es disminuir el pago de IRPF de los trabajadores y de las empresas. De esta forma podr\u00e1n tener m\u00e1s posibilidades de dedicar este dinero a subir el sueldo a los trabajadores\u00a0 y que al mismo tiempo al cotizar menos tambi\u00e9n podr\u00e1n destinar este dinero a afrontar los aumentos de\u00a0 los precios. Las otras soluciones ser\u00e1n chapuzas y dif\u00edciles de llevar adelante. No vale coger 20 productos del mercado y limitar los precios, esto es pan para hoy y hambre para ma\u00f1ana.\u00a0<\/p>\n\n\n\n<p><span style=\"background-color:#080000\" class=\"td_text_highlight_marker\">Jos\u00e9 Meg\u00edas<\/span><\/p>\n","protected":false},"excerpt":{"rendered":"<p>Parece ser&nbsp;que hace alg\u00fan tiempo nos dicen que vamos&nbsp;a una recesi\u00f3n, la mayor parte de los trabajadores no sabemos de qu\u00e9 se habla, ni tampoco sabemos qui\u00e9n ha provocado esta recesi\u00f3n, ya que nosotros nos hemos dedicado a trabajar y con nuestro salario mantener a nuestras familias. Dicen&nbsp;que es una depresi\u00f3n de las actividades econ\u00f3micas [&hellip;]<\/p>\n","protected":false},"author":2,"featured_media":4827,"comment_status":"open","ping_status":"open","sticky":false,"template":"","format":"standard","meta":{"footnotes":""},"categories":[139],"tags":[],"class_list":{"0":"post-5497","1":"post","2":"type-post","3":"status-publish","4":"format-standard","5":"has-post-thumbnail","7":"category-opinio"},"_links":{"self":[{"href":"https:\/\/www.areabesos.com\/diario\/wp-json\/wp\/v2\/posts\/5497","targetHints":{"allow":["GET"]}}],"collection":[{"href":"https:\/\/www.areabesos.com\/diario\/wp-json\/wp\/v2\/posts"}],"about":[{"href":"https:\/\/www.areabesos.com\/diario\/wp-json\/wp\/v2\/types\/post"}],"author":[{"embeddable":true,"href":"https:\/\/www.areabesos.com\/diario\/wp-json\/wp\/v2\/users\/2"}],"replies":[{"embeddable":true,"href":"https:\/\/www.areabesos.com\/diario\/wp-json\/wp\/v2\/comments?post=5497"}],"version-history":[{"count":1,"href":"https:\/\/www.areabesos.com\/diario\/wp-json\/wp\/v2\/posts\/5497\/revisions"}],"predecessor-version":[{"id":5498,"href":"https:\/\/www.areabesos.com\/diario\/wp-json\/wp\/v2\/posts\/5497\/revisions\/5498"}],"wp:featuredmedia":[{"embeddable":true,"href":"https:\/\/www.areabesos.com\/diario\/wp-json\/wp\/v2\/media\/4827"}],"wp:attachment":[{"href":"https:\/\/www.areabesos.com\/diario\/wp-json\/wp\/v2\/media?parent=5497"}],"wp:term":[{"taxonomy":"category","embeddable":true,"href":"https:\/\/www.areabesos.com\/diario\/wp-json\/wp\/v2\/categories?post=5497"},{"taxonomy":"post_tag","embeddable":true,"href":"https:\/\/www.areabesos.com\/diario\/wp-json\/wp\/v2\/tags?post=5497"}],"curies":[{"name":"wp","href":"https:\/\/api.w.org\/{rel}","templated":true}]}}