{"id":5488,"date":"2022-09-06T18:22:00","date_gmt":"2022-09-06T16:22:00","guid":{"rendered":"https:\/\/www.areabesos.com\/diario\/?p=5488"},"modified":"2022-09-07T11:25:39","modified_gmt":"2022-09-07T09:25:39","slug":"creemos-que-a-abba-les-gustaria-nuestro-trabajo-porque-interpretamos-las-canciones-con-la-mayor-fidelidad-que-conocemos","status":"publish","type":"post","link":"https:\/\/www.areabesos.com\/diario\/creemos-que-a-abba-les-gustaria-nuestro-trabajo-porque-interpretamos-las-canciones-con-la-mayor-fidelidad-que-conocemos\/","title":{"rendered":"\u00abCreemos que a ABBA les gustar\u00eda nuestro trabajo porque interpretamos las canciones con la mayor fidelidad que conocemos\u00bb"},"content":{"rendered":"\n<p><strong><span style=\"background-color:#d6e8fa\" class=\"td_text_highlight_marker\">Hablamos con Ana K Garc\u00eda, una de las dos voces femeninas del grupo de tributo ABBA The New Experience, que actuar\u00e1n el viernes, 9 de septiembre, en la pla\u00e7a de la Vila, poniendo el colof\u00f3n al segundo d\u00eda de Fiesta Mayor adrianense.<br>Pregunta. \u00bfCu\u00e1ndo y por qu\u00e9 nace \u201cABBA. The New Experience\u201d?<br>Respuesta.<\/span><\/strong> Nace en el 2015. Porque creemos que ABBA es una banda digna de ser homenajeada\u2026 han sido creadores de muchos \u00e9xitos que est\u00e1n en la memoria y en la vivencia de much\u00edsima gente. Y aunque fue hace m\u00e1s de 40 a\u00f1os, esa \u00e9poca parece eterna ya que a d\u00eda de hoy a\u00fan siguen sumando fans.<br><strong><span style=\"background-color:#d6e8fa\" class=\"td_text_highlight_marker\">P. \u00bfQui\u00e9n compone la banda?<br>R.<\/span><\/strong> A d\u00eda de hoy en las voces est\u00e1n Juanma S\u00e1nchez, Ana K Garc\u00eda, Clara Dini, Joaqu\u00edn Catal\u00e1n. En guitarra Xavi Lario, en el bajo Rafa Mart\u00edn, en los teclados Marc Ferrando, en la bater\u00eda Jonathan Arg\u00fcelles. Y en el sonido, V\u00edctor Fern\u00e1ndez.<br><strong><span style=\"background-color:#d6e8fa\" class=\"td_text_highlight_marker\">P. No s\u00e9 si habr\u00e9is tenido la oportunidad de mostrar a la banda original vuestro trabajo. \u00bfPens\u00e1is que les gustar\u00eda?<br>R.<\/span><\/strong> No hemos tenido esa oportunidad, pero creemos que les gustar\u00eda. Interpretamos las canciones con la mayor fidelidad que conocemos, a la vez que dejamos que aparezca nuestro toque de identidad propia.<br><strong><span style=\"background-color:#d6e8fa\" class=\"td_text_highlight_marker\">P. \u00bfQu\u00e9 os parecen los conciertos que van a hacer en forma de holograma los pr\u00f3ximos meses?<br>R.<\/span><\/strong> Que siguen siendo fieles a ser innovadores. Siempre han estado -en muchos aspectos- un paso adelante y con este nuevo formato lo siguen demostrando.<\/p>\n\n\n\n<div><a href=\"https:\/\/www.areabesos.com\/diario\/wp-content\/uploads\/2022\/09\/abba02-1024x683.jpg\" class=\"td-modal-image\"><figure class=\"wp-block-image size-large\"><img loading=\"lazy\" decoding=\"async\" width=\"1024\" height=\"683\" src=\"https:\/\/www.areabesos.com\/diario\/wp-content\/uploads\/2022\/09\/abba02-1024x683.jpg\" alt=\"\" class=\"wp-image-5489\" srcset=\"https:\/\/www.areabesos.com\/diario\/wp-content\/uploads\/2022\/09\/abba02-1024x683.jpg 1024w, https:\/\/www.areabesos.com\/diario\/wp-content\/uploads\/2022\/09\/abba02-300x200.jpg 300w, https:\/\/www.areabesos.com\/diario\/wp-content\/uploads\/2022\/09\/abba02-768x512.jpg 768w, https:\/\/www.areabesos.com\/diario\/wp-content\/uploads\/2022\/09\/abba02-150x100.jpg 150w, https:\/\/www.areabesos.com\/diario\/wp-content\/uploads\/2022\/09\/abba02-696x464.jpg 696w, https:\/\/www.areabesos.com\/diario\/wp-content\/uploads\/2022\/09\/abba02-1068x712.jpg 1068w, https:\/\/www.areabesos.com\/diario\/wp-content\/uploads\/2022\/09\/abba02.jpg 1200w\" sizes=\"auto, (max-width: 1024px) 100vw, 1024px\" \/><\/figure><\/a><\/div>\n\n\n\n<p><br><strong><span style=\"background-color:#d6e8fa\" class=\"td_text_highlight_marker\">P. Hab\u00e9is actuado en festivales como el de Pedralbes y Cambrils, en el Palau de la M\u00fasica. El 9 de septiembre os subir\u00e9is al escenario de la Pla\u00e7a de la Vila de Sant Adri\u00e0 de Bes\u00f2s. \u00bfEs muy diferente actuar en un estadio, en un festival y en una fiesta mayor?<br>R.<\/span><\/strong> Cada concierto es diferente. El lugar puede ser uno de los motivos pero no una condici\u00f3n. \u00a1El lugar m\u00e1s rec\u00f3ndito y peque\u00f1o puede sorprenderte!<br><strong><span style=\"background-color:#d6e8fa\" class=\"td_text_highlight_marker\">P. \u00bfAlg\u00fan fan de ABBA os ha cuestionado alguna vez o siempre hab\u00e9is tenido buena acogida de los incondicionales?<br>R. <\/span><\/strong>Hay quienes han expresado su deseo de escuchar alguna canci\u00f3n que en ese momento no formaba parte del repertorio, pero tanto como cuestionarnos, no. Modestia aparte, siempre tenemos muy buena acogida y nuestro p\u00fablico nos lo demuestra constantemente durante el concierto y posteriormente. Las cr\u00edticas y los comentarios lo dejan en evidencia.<br><strong><span style=\"background-color:#d6e8fa\" class=\"td_text_highlight_marker\">P. \u00bfQu\u00e9 temas imprescindibles nunca faltan en vuestros conciertos?<br>R. <\/span><\/strong>Mamma m\u00eda, Dancing Queen, Waterloo, Chiquitita\u2026<br><strong><span style=\"background-color:#d6e8fa\" class=\"td_text_highlight_marker\">P. Por \u00faltimo, \u00bfc\u00f3mo animar\u00edas a la ciudadan\u00eda de Sant Adri\u00e0 a acudir a vuestro concierto y no quedarse en casa?<br>R.<\/span><\/strong> Si quieres vibrar con la m\u00fasica, bailar, cantar y vivir una experiencia emotiva y maravillosa, d\u00e9jate llevar por ABBA The New Experience! Os invitamos a pasar por nuestras redes sociales en Facebook e Instagram abbathenewexperience y nuestra web abbathenewexperience.com.<\/p>\n","protected":false},"excerpt":{"rendered":"<p>Hablamos con Ana K Garc\u00eda, una de las dos voces femeninas del grupo de tributo ABBA The New Experience, que actuar\u00e1n el viernes, 9 de septiembre, en la pla\u00e7a de la Vila, poniendo el colof\u00f3n al segundo d\u00eda de Fiesta Mayor adrianense.Pregunta. \u00bfCu\u00e1ndo y por qu\u00e9 nace \u201cABBA. The New Experience\u201d?Respuesta. Nace en el 2015. [&hellip;]<\/p>\n","protected":false},"author":1,"featured_media":5490,"comment_status":"open","ping_status":"open","sticky":false,"template":"","format":"standard","meta":{"footnotes":""},"categories":[138],"tags":[],"class_list":{"0":"post-5488","1":"post","2":"type-post","3":"status-publish","4":"format-standard","5":"has-post-thumbnail","7":"category-entrevistes"},"_links":{"self":[{"href":"https:\/\/www.areabesos.com\/diario\/wp-json\/wp\/v2\/posts\/5488","targetHints":{"allow":["GET"]}}],"collection":[{"href":"https:\/\/www.areabesos.com\/diario\/wp-json\/wp\/v2\/posts"}],"about":[{"href":"https:\/\/www.areabesos.com\/diario\/wp-json\/wp\/v2\/types\/post"}],"author":[{"embeddable":true,"href":"https:\/\/www.areabesos.com\/diario\/wp-json\/wp\/v2\/users\/1"}],"replies":[{"embeddable":true,"href":"https:\/\/www.areabesos.com\/diario\/wp-json\/wp\/v2\/comments?post=5488"}],"version-history":[{"count":1,"href":"https:\/\/www.areabesos.com\/diario\/wp-json\/wp\/v2\/posts\/5488\/revisions"}],"predecessor-version":[{"id":5491,"href":"https:\/\/www.areabesos.com\/diario\/wp-json\/wp\/v2\/posts\/5488\/revisions\/5491"}],"wp:featuredmedia":[{"embeddable":true,"href":"https:\/\/www.areabesos.com\/diario\/wp-json\/wp\/v2\/media\/5490"}],"wp:attachment":[{"href":"https:\/\/www.areabesos.com\/diario\/wp-json\/wp\/v2\/media?parent=5488"}],"wp:term":[{"taxonomy":"category","embeddable":true,"href":"https:\/\/www.areabesos.com\/diario\/wp-json\/wp\/v2\/categories?post=5488"},{"taxonomy":"post_tag","embeddable":true,"href":"https:\/\/www.areabesos.com\/diario\/wp-json\/wp\/v2\/tags?post=5488"}],"curies":[{"name":"wp","href":"https:\/\/api.w.org\/{rel}","templated":true}]}}