{"id":5484,"date":"2022-09-07T11:14:57","date_gmt":"2022-09-07T09:14:57","guid":{"rendered":"https:\/\/www.areabesos.com\/diario\/?p=5484"},"modified":"2022-09-07T11:14:58","modified_gmt":"2022-09-07T09:14:58","slug":"area-besos-308-festa-major-sant-adria-2022","status":"publish","type":"post","link":"https:\/\/www.areabesos.com\/diario\/area-besos-308-festa-major-sant-adria-2022\/","title":{"rendered":"\u00c0rea Bes\u00f2s 308 Festa Major Sant Adri\u00e0 2022"},"content":{"rendered":"\n<p>En aquest n\u00famero especial dedicat a la Festa Major 2022 de Sant Adri\u00e0 us presentem entrevistes amb els pregoners, l&#8217;equip gabrielista de b\u00e0squet Els Chavalier&#8217;s, guanyadors de la primera final nacional de la Copa Col\u00b7legial, i alguns dels grups que actuaran a la festa, com ABBA The New Experience, o els BisMouthers. Que gaudiu d&#8217;aquest dies!<\/p>\n\n\n<a href=\"https:\/\/www.areabesos.com\/diario\/wp-content\/uploads\/2022\/09\/AB0308.pdf\" class=\"pdfemb-viewer\" style=\"\" data-width=\"max\" data-height=\"max\" data-toolbar=\"both\" data-toolbar-fixed=\"on\">AB0308<\/a>\n<p class=\"wp-block-pdfemb-pdf-embedder-viewer\"><\/p>\n","protected":false},"excerpt":{"rendered":"<p>En aquest n\u00famero especial dedicat a la Festa Major 2022 de Sant Adri\u00e0 us presentem entrevistes amb els pregoners, l&#8217;equip gabrielista de b\u00e0squet Els Chavalier&#8217;s, guanyadors de la primera final nacional de la Copa Col\u00b7legial, i alguns dels grups que actuaran a la festa, com ABBA The New Experience, o els BisMouthers. Que gaudiu d&#8217;aquest [&hellip;]<\/p>\n","protected":false},"author":1,"featured_media":5486,"comment_status":"open","ping_status":"open","sticky":false,"template":"","format":"standard","meta":{"footnotes":""},"categories":[141],"tags":[],"class_list":{"0":"post-5484","1":"post","2":"type-post","3":"status-publish","4":"format-standard","5":"has-post-thumbnail","7":"category-edicio-impresa"},"_links":{"self":[{"href":"https:\/\/www.areabesos.com\/diario\/wp-json\/wp\/v2\/posts\/5484","targetHints":{"allow":["GET"]}}],"collection":[{"href":"https:\/\/www.areabesos.com\/diario\/wp-json\/wp\/v2\/posts"}],"about":[{"href":"https:\/\/www.areabesos.com\/diario\/wp-json\/wp\/v2\/types\/post"}],"author":[{"embeddable":true,"href":"https:\/\/www.areabesos.com\/diario\/wp-json\/wp\/v2\/users\/1"}],"replies":[{"embeddable":true,"href":"https:\/\/www.areabesos.com\/diario\/wp-json\/wp\/v2\/comments?post=5484"}],"version-history":[{"count":1,"href":"https:\/\/www.areabesos.com\/diario\/wp-json\/wp\/v2\/posts\/5484\/revisions"}],"predecessor-version":[{"id":5487,"href":"https:\/\/www.areabesos.com\/diario\/wp-json\/wp\/v2\/posts\/5484\/revisions\/5487"}],"wp:featuredmedia":[{"embeddable":true,"href":"https:\/\/www.areabesos.com\/diario\/wp-json\/wp\/v2\/media\/5486"}],"wp:attachment":[{"href":"https:\/\/www.areabesos.com\/diario\/wp-json\/wp\/v2\/media?parent=5484"}],"wp:term":[{"taxonomy":"category","embeddable":true,"href":"https:\/\/www.areabesos.com\/diario\/wp-json\/wp\/v2\/categories?post=5484"},{"taxonomy":"post_tag","embeddable":true,"href":"https:\/\/www.areabesos.com\/diario\/wp-json\/wp\/v2\/tags?post=5484"}],"curies":[{"name":"wp","href":"https:\/\/api.w.org\/{rel}","templated":true}]}}