{"id":5472,"date":"2022-09-07T11:07:46","date_gmt":"2022-09-07T09:07:46","guid":{"rendered":"https:\/\/www.areabesos.com\/diario\/?p=5472"},"modified":"2022-09-07T11:07:48","modified_gmt":"2022-09-07T09:07:48","slug":"colla-castellera-de-sant-adria","status":"publish","type":"post","link":"https:\/\/www.areabesos.com\/diario\/colla-castellera-de-sant-adria\/","title":{"rendered":"Colla Castellera de Sant Adri\u00e0"},"content":{"rendered":"\n<p>La Colla Castellera de Sant Adri\u00e0 de Bes\u00f2s va ser l\u2019entitat m\u00e9s votada en la darrera Mostra d\u2019Entitats que es va celebrar a la pla\u00e7a de la Vila el passat mes de maig. Quan li diem al seu president, l\u2019Albert Escudero, li estranya, perqu\u00e8 \u201cno vam fer res de l\u2019altre m\u00f3n\u201d. Deu ser que \u00e9s una entitat molt estimada a la ciutat, tot i no estar passant pel seu millor moment. Amb la pand\u00e8mia de Covid19, el confinament, la nova normalitat, les colles castelleres, com tota la societat, van haver d\u2019aturar la seva activitat. Aix\u00f2 va comportar incertesa i sobretot p\u00e8rdua de castellers. L\u2019entitat forma part de la Coordinadora de Colles Castelleres de Catalunya, que \u00e9s qui donava consells sobre les mesures de seguretat que havien de prendre les colles quan es va reprendre l\u2019activitat el 2021. \u201cTen\u00edem de tot, mascaretes, gel hidroalcoh\u00f2lic. La gent va venir amb moltes ganes, per\u00f2 de nou vam haver d\u2019aturar-nos. Aquesta vegada vam esperar una mica m\u00e9s a tornar a obrir, perqu\u00e8 primer est\u00e0 la salut, per\u00f2 aix\u00f2 va provocar que la gent es desconnect\u00e9s una mica\u201d.<br>I ara costa tornar a agafar embranzida. \u201cTenim molt poca canalla. Alguns s\u2019han fet grans, altres han marxat. I els que eren estudiants quan vam comen\u00e7ar ara s\u2019han de guanyar la vida i deixen els castells\u201d, explica l\u2019Albert. Tampoc han tornat a fer tallers a les escoles i xerrades als CAUS. \u201cCrec que no estem en el moment de fer aquestes activitats que f\u00e8iem abans quan encara continua el Covid19 i fem bombolles i tot aix\u00f2 per evitar contagis\u201d.<br>La coordinadora ha deixat aquest any de marge per les colles, perqu\u00e8 no nom\u00e9s pateix la de Sant Adri\u00e0. \u201cPetites, mitjanes, grans, totes patim ara. Si no surts a pla\u00e7a perds la camisa, per\u00f2 des de la coordinadora ens han deixat un temps perqu\u00e8 tothom torni amb m\u00e9s for\u00e7a\u201d.<br>D\u2019aix\u00f2, de for\u00e7a, no li faltava gens a la colla adrianenca, coneguda com Els Passadors en honor a uns dels oficis m\u00e9s antics de la ciutat. Els dels homes que portaven a coll-i-be als ciutadans que volien creuar el Bes\u00f2s quan les tradicionals crescudes, o besosades, s\u2019emportaven els ponts sobre el riu. Quan es van constituir com a entitat, el 14 de maig de 2013, no eren molts, per\u00f2 tenien moltes ganes de fer castells i reivindicar la cultura catalana i la identitat adrianenca. A poc a poc van cr\u00e9ixer, fins a arribar a tenir unes 100 persones per fer castells. Tota una senyora colla que va tenir l\u2019apadrinament de les colles de Viladecans i Badalona, i m\u00e9s tard la de Terrassa, amb la que han compartit moltes Diades de l\u201911 de setembre a Sant Adri\u00e0.<br>El dia gran dels inicis de la colla va ser el 6 de setembre de 2014, en plena Festa Major, quan celebren el seu bateig amb la camisa de color bordeus, el color de la senyera de Sant Adri\u00e0. No tot va sortir perfecte, perqu\u00e8 no aconsegueixen fer els primers castells de sis, per\u00f2 nom\u00e9s cinc dies despr\u00e9s, a la Diada Nacional de Catalunya, arriba el seu primer 4d6 fruit de moltes hores de feina. \u201cEn el nostre millor moment \u00e9rem la millor de les colles de sis, perqu\u00e8 vam arribar a fer un pilar de cinc, que era el que ens diferenciava de la resta de colles de sis\u201d, recorda el president.<br>El m\u00e9s important per una colla castellera \u00e9s tenir pinya, massa social que treballi als assajos per fer castells amb seguretat i portar-los a pla\u00e7a amb garanties. \u201cAquest \u00e9s el problema que tenim ara, la continu\u00eftat, que la gent vingui als assajos i no nom\u00e9s a pla\u00e7a\u201d. Li preguntem si la colla corre el risc de desapar\u00e8ixer. \u201cA veure, el risc existeix, per\u00f2 existeix sempre. \u00c9s veritat que quan tens una din\u00e0mica cap amunt \u00e9s m\u00e9s f\u00e0cil que et vingui gent. Pot passar amb colles petites, mitjanes i grans. Per\u00f2 com a entitat encara estem molt vius\u201d, afirma l\u2019Albert.<br>Una de les activitats que demostra que els castellers s\u00f3n una entitat molt viva \u00e9s la campanya \u201cPit i ovaris\u201d, que van engegar el 2017 per recaptar diners per les dones afectades de c\u00e0ncer de mama i que encara est\u00e0 activa. Van fer, amb la col\u00b7laboraci\u00f3 amb Nostres Tradicions, l\u2019empresa que els subministra la roba, un mocador de color rosa amb la frase \u201cPit i ovaris\u201d, El que recaptaven el van destinar en un principi al Grup \u00c0gata (Associaci\u00f3 Catalana de Dones Afectades de C\u00e0ncer de Mama). Despr\u00e9s de cinc anys, continuen venent mocadors i contribuint a aquesta causa social.<br>Perqu\u00e8 Albert, com la resta de castellers, tenen molt clar que aix\u00f2 no nom\u00e9s va de fer castells humans. \u201cVolem contribuir a la societat, i aix\u00f2 ho continuarem fent sempre, com a entitat o com a colla\u201d. Per aix\u00f2 continuen treballant amb altres associacions de la ciutat, com ha passat a la Mostra d\u2019Entitats de Sant Adri\u00e0, al Sal\u00f3 de la Inf\u00e0ncia i la Joventut \u201cAdril\u00e0ndia\u201d o amb el llibre \u201cEls passadors i la serp ferotge\u201d, impulsat per Unesco Sant Adri\u00e0 i Dones del Futur. Albert tamb\u00e9 recorda amb estima els programes de r\u00e0dio que feien mensualment a R\u00e0dio La Mina.<br>Tamb\u00e9 tenen una gran relaci\u00f3 amb l\u2019Associaci\u00f3 SAmBa-So, que va sorgir d\u2019un membre de la colla i de la que formen part altres castellers. \u201cCompartim una part de la Nau del carrer Gravina i tenim una molt bona relaci\u00f3. De fet, compart\u00edem estand a la Mostra\u201d, explica l\u2019Albert.<\/p>\n\n\n\n<figure class=\"wp-block-gallery has-nested-images columns-2 is-cropped wp-block-gallery-1 is-layout-flex wp-block-gallery-is-layout-flex\">\n<figure class=\"wp-block-image size-large\"><a href=\"https:\/\/www.areabesos.com\/diario\/wp-content\/uploads\/2022\/09\/passadors10.jpg\"><img loading=\"lazy\" decoding=\"async\" width=\"1024\" height=\"681\" data-id=\"5474\" src=\"https:\/\/www.areabesos.com\/diario\/wp-content\/uploads\/2022\/09\/passadors10-1024x681.jpg\" alt=\"\" class=\"wp-image-5474\" srcset=\"https:\/\/www.areabesos.com\/diario\/wp-content\/uploads\/2022\/09\/passadors10-1024x681.jpg 1024w, https:\/\/www.areabesos.com\/diario\/wp-content\/uploads\/2022\/09\/passadors10-300x200.jpg 300w, https:\/\/www.areabesos.com\/diario\/wp-content\/uploads\/2022\/09\/passadors10-768x511.jpg 768w, https:\/\/www.areabesos.com\/diario\/wp-content\/uploads\/2022\/09\/passadors10-150x100.jpg 150w, https:\/\/www.areabesos.com\/diario\/wp-content\/uploads\/2022\/09\/passadors10-696x463.jpg 696w, https:\/\/www.areabesos.com\/diario\/wp-content\/uploads\/2022\/09\/passadors10-1068x710.jpg 1068w, https:\/\/www.areabesos.com\/diario\/wp-content\/uploads\/2022\/09\/passadors10.jpg 1200w\" sizes=\"auto, (max-width: 1024px) 100vw, 1024px\" \/><\/a><\/figure>\n\n\n\n<figure class=\"wp-block-image size-large\"><a href=\"https:\/\/www.areabesos.com\/diario\/wp-content\/uploads\/2022\/09\/passadors09.jpg\"><img loading=\"lazy\" decoding=\"async\" width=\"1024\" height=\"681\" data-id=\"5475\" src=\"https:\/\/www.areabesos.com\/diario\/wp-content\/uploads\/2022\/09\/passadors09-1024x681.jpg\" alt=\"\" class=\"wp-image-5475\" srcset=\"https:\/\/www.areabesos.com\/diario\/wp-content\/uploads\/2022\/09\/passadors09-1024x681.jpg 1024w, https:\/\/www.areabesos.com\/diario\/wp-content\/uploads\/2022\/09\/passadors09-300x200.jpg 300w, https:\/\/www.areabesos.com\/diario\/wp-content\/uploads\/2022\/09\/passadors09-768x511.jpg 768w, https:\/\/www.areabesos.com\/diario\/wp-content\/uploads\/2022\/09\/passadors09-150x100.jpg 150w, https:\/\/www.areabesos.com\/diario\/wp-content\/uploads\/2022\/09\/passadors09-696x463.jpg 696w, https:\/\/www.areabesos.com\/diario\/wp-content\/uploads\/2022\/09\/passadors09-1068x710.jpg 1068w, https:\/\/www.areabesos.com\/diario\/wp-content\/uploads\/2022\/09\/passadors09.jpg 1200w\" sizes=\"auto, (max-width: 1024px) 100vw, 1024px\" \/><\/a><\/figure>\n\n\n\n<figure class=\"wp-block-image size-large\"><a href=\"https:\/\/www.areabesos.com\/diario\/wp-content\/uploads\/2022\/09\/passadors08.jpg\"><img loading=\"lazy\" decoding=\"async\" width=\"1024\" height=\"681\" data-id=\"5478\" src=\"https:\/\/www.areabesos.com\/diario\/wp-content\/uploads\/2022\/09\/passadors08-1024x681.jpg\" alt=\"\" class=\"wp-image-5478\" srcset=\"https:\/\/www.areabesos.com\/diario\/wp-content\/uploads\/2022\/09\/passadors08-1024x681.jpg 1024w, https:\/\/www.areabesos.com\/diario\/wp-content\/uploads\/2022\/09\/passadors08-300x200.jpg 300w, https:\/\/www.areabesos.com\/diario\/wp-content\/uploads\/2022\/09\/passadors08-768x511.jpg 768w, https:\/\/www.areabesos.com\/diario\/wp-content\/uploads\/2022\/09\/passadors08-150x100.jpg 150w, https:\/\/www.areabesos.com\/diario\/wp-content\/uploads\/2022\/09\/passadors08-696x463.jpg 696w, https:\/\/www.areabesos.com\/diario\/wp-content\/uploads\/2022\/09\/passadors08-1068x710.jpg 1068w, https:\/\/www.areabesos.com\/diario\/wp-content\/uploads\/2022\/09\/passadors08.jpg 1200w\" sizes=\"auto, (max-width: 1024px) 100vw, 1024px\" \/><\/a><\/figure>\n\n\n\n<figure class=\"wp-block-image size-large\"><a href=\"https:\/\/www.areabesos.com\/diario\/wp-content\/uploads\/2022\/09\/passadors07.jpg\"><img loading=\"lazy\" decoding=\"async\" width=\"1024\" height=\"681\" data-id=\"5473\" src=\"https:\/\/www.areabesos.com\/diario\/wp-content\/uploads\/2022\/09\/passadors07-1024x681.jpg\" alt=\"\" class=\"wp-image-5473\" srcset=\"https:\/\/www.areabesos.com\/diario\/wp-content\/uploads\/2022\/09\/passadors07-1024x681.jpg 1024w, https:\/\/www.areabesos.com\/diario\/wp-content\/uploads\/2022\/09\/passadors07-300x200.jpg 300w, https:\/\/www.areabesos.com\/diario\/wp-content\/uploads\/2022\/09\/passadors07-768x511.jpg 768w, https:\/\/www.areabesos.com\/diario\/wp-content\/uploads\/2022\/09\/passadors07-150x100.jpg 150w, https:\/\/www.areabesos.com\/diario\/wp-content\/uploads\/2022\/09\/passadors07-696x463.jpg 696w, https:\/\/www.areabesos.com\/diario\/wp-content\/uploads\/2022\/09\/passadors07-1068x710.jpg 1068w, https:\/\/www.areabesos.com\/diario\/wp-content\/uploads\/2022\/09\/passadors07.jpg 1200w\" sizes=\"auto, (max-width: 1024px) 100vw, 1024px\" \/><\/a><\/figure>\n\n\n\n<figure class=\"wp-block-image size-large\"><a href=\"https:\/\/www.areabesos.com\/diario\/wp-content\/uploads\/2022\/09\/passadors06.jpg\"><img loading=\"lazy\" decoding=\"async\" width=\"1024\" height=\"681\" data-id=\"5477\" src=\"https:\/\/www.areabesos.com\/diario\/wp-content\/uploads\/2022\/09\/passadors06-1024x681.jpg\" alt=\"\" class=\"wp-image-5477\" srcset=\"https:\/\/www.areabesos.com\/diario\/wp-content\/uploads\/2022\/09\/passadors06-1024x681.jpg 1024w, https:\/\/www.areabesos.com\/diario\/wp-content\/uploads\/2022\/09\/passadors06-300x200.jpg 300w, https:\/\/www.areabesos.com\/diario\/wp-content\/uploads\/2022\/09\/passadors06-768x511.jpg 768w, https:\/\/www.areabesos.com\/diario\/wp-content\/uploads\/2022\/09\/passadors06-150x100.jpg 150w, https:\/\/www.areabesos.com\/diario\/wp-content\/uploads\/2022\/09\/passadors06-696x463.jpg 696w, https:\/\/www.areabesos.com\/diario\/wp-content\/uploads\/2022\/09\/passadors06-1068x710.jpg 1068w, https:\/\/www.areabesos.com\/diario\/wp-content\/uploads\/2022\/09\/passadors06.jpg 1200w\" sizes=\"auto, (max-width: 1024px) 100vw, 1024px\" \/><\/a><\/figure>\n\n\n\n<figure class=\"wp-block-image size-large\"><a href=\"https:\/\/www.areabesos.com\/diario\/wp-content\/uploads\/2022\/09\/passadors05.jpg\"><img loading=\"lazy\" decoding=\"async\" width=\"1024\" height=\"681\" data-id=\"5476\" src=\"https:\/\/www.areabesos.com\/diario\/wp-content\/uploads\/2022\/09\/passadors05-1024x681.jpg\" alt=\"\" class=\"wp-image-5476\" srcset=\"https:\/\/www.areabesos.com\/diario\/wp-content\/uploads\/2022\/09\/passadors05-1024x681.jpg 1024w, https:\/\/www.areabesos.com\/diario\/wp-content\/uploads\/2022\/09\/passadors05-300x200.jpg 300w, https:\/\/www.areabesos.com\/diario\/wp-content\/uploads\/2022\/09\/passadors05-768x511.jpg 768w, https:\/\/www.areabesos.com\/diario\/wp-content\/uploads\/2022\/09\/passadors05-150x100.jpg 150w, https:\/\/www.areabesos.com\/diario\/wp-content\/uploads\/2022\/09\/passadors05-696x463.jpg 696w, https:\/\/www.areabesos.com\/diario\/wp-content\/uploads\/2022\/09\/passadors05-1068x710.jpg 1068w, https:\/\/www.areabesos.com\/diario\/wp-content\/uploads\/2022\/09\/passadors05.jpg 1200w\" sizes=\"auto, (max-width: 1024px) 100vw, 1024px\" \/><\/a><\/figure>\n\n\n\n<figure class=\"wp-block-image size-large\"><a href=\"https:\/\/www.areabesos.com\/diario\/wp-content\/uploads\/2022\/09\/passadors04.jpg\"><img loading=\"lazy\" decoding=\"async\" width=\"1024\" height=\"681\" data-id=\"5480\" src=\"https:\/\/www.areabesos.com\/diario\/wp-content\/uploads\/2022\/09\/passadors04-1024x681.jpg\" alt=\"\" class=\"wp-image-5480\" srcset=\"https:\/\/www.areabesos.com\/diario\/wp-content\/uploads\/2022\/09\/passadors04-1024x681.jpg 1024w, https:\/\/www.areabesos.com\/diario\/wp-content\/uploads\/2022\/09\/passadors04-300x200.jpg 300w, https:\/\/www.areabesos.com\/diario\/wp-content\/uploads\/2022\/09\/passadors04-768x511.jpg 768w, https:\/\/www.areabesos.com\/diario\/wp-content\/uploads\/2022\/09\/passadors04-150x100.jpg 150w, https:\/\/www.areabesos.com\/diario\/wp-content\/uploads\/2022\/09\/passadors04-696x463.jpg 696w, https:\/\/www.areabesos.com\/diario\/wp-content\/uploads\/2022\/09\/passadors04-1068x710.jpg 1068w, https:\/\/www.areabesos.com\/diario\/wp-content\/uploads\/2022\/09\/passadors04.jpg 1200w\" sizes=\"auto, (max-width: 1024px) 100vw, 1024px\" \/><\/a><\/figure>\n\n\n\n<figure class=\"wp-block-image size-large\"><a href=\"https:\/\/www.areabesos.com\/diario\/wp-content\/uploads\/2022\/09\/passadors02.jpg\"><img loading=\"lazy\" decoding=\"async\" width=\"681\" height=\"1024\" data-id=\"5479\" src=\"https:\/\/www.areabesos.com\/diario\/wp-content\/uploads\/2022\/09\/passadors02-681x1024.jpg\" alt=\"\" class=\"wp-image-5479\" srcset=\"https:\/\/www.areabesos.com\/diario\/wp-content\/uploads\/2022\/09\/passadors02-681x1024.jpg 681w, https:\/\/www.areabesos.com\/diario\/wp-content\/uploads\/2022\/09\/passadors02-200x300.jpg 200w, https:\/\/www.areabesos.com\/diario\/wp-content\/uploads\/2022\/09\/passadors02-768x1155.jpg 768w, https:\/\/www.areabesos.com\/diario\/wp-content\/uploads\/2022\/09\/passadors02-150x226.jpg 150w, https:\/\/www.areabesos.com\/diario\/wp-content\/uploads\/2022\/09\/passadors02-300x451.jpg 300w, https:\/\/www.areabesos.com\/diario\/wp-content\/uploads\/2022\/09\/passadors02-696x1047.jpg 696w, https:\/\/www.areabesos.com\/diario\/wp-content\/uploads\/2022\/09\/passadors02.jpg 798w\" sizes=\"auto, (max-width: 681px) 100vw, 681px\" \/><\/a><\/figure>\n<\/figure>\n\n\n\n<p><br>La realitat, ara com ara, \u00e9s que s\u00f3n una mitjana de 15 persones als assajos, i aix\u00ed \u00e9s molt dif\u00edcil treballar. Ara tornaran a assajar als jardins del Museu d\u2019hist\u00f2ria de la immigraci\u00f3 de Catalunya, el MHIC, a la Masia de Can Rigalt, al costat de l\u2019arc. Volen tornar a pla\u00e7a i esperen poder fer pilars a la Diada amb la Colla Castellera de Terrassa, com sempre han fet.<br>El president dels Passadors t\u00e9 confian\u00e7a en el futur de l\u2019entitat i de la colla. De fet, ja est\u00e0 pensant en l\u2019any vinent, quan celebraran els deu anys de vida. \u201cAmb una festa, com vam fer amb els cinc anys. I potser un llibre, \u00e9s una idea personal que tinc que em faria molta il\u00b7lusi\u00f3. Seria molt bonic recopilar fotos i hist\u00f2ries, perqu\u00e8 aix\u00f2 \u00e9s el millor de ser casteller, la gent que coneixes, les relacions que es creen\u201d, comenta l\u2019Albert.<br>Els Castellers de Sant Adri\u00e0 obren les portes a qu\u00e8 tothom qui vulgui ho provi. Perqu\u00e8 tothom pot ser casteller, no cal cap condici\u00f3 f\u00edsica especial, nom\u00e9s ganes, comprom\u00eds i deixar el protagonisme al marge. Per l\u2019Albert, el m\u00e9s engrescador, i que ell va viure en primera persona anys enrere com a cap de colla, \u00e9s relacionar-te i parlar amb persones de 80 anys per indicar on s\u2019han de posar, i despr\u00e9s parlar amb la canalla de 6 anys que no t\u00e9 clar si pujar o no. \u201cEn un castell tothom \u00e9s important. Si un castell funciona no \u00e9s per una persona, \u00e9s perqu\u00e8 tothom ha fet la seva feina. \u00c9s tan important l\u2019enxaneta com la gent que tanca la pinya i que garanteix que si el castell cau, ning\u00fa es far\u00e0 mal. S\u2019ha de treure el protagonisme de la gent i repartir-ho entre tots\u201d.<br>Perqu\u00e8, com diu l\u2019Albert, si no tens pinya no tens castell, si voleu formar part dels Castellers de Sant Adri\u00e0 us podeu posar en contacte amb ells per correu al mail castellersdesantadria@gmail.com; per facebook a @castellers.desantadria; o per twitter a @CastellersdeSA. Al seg\u00fcent <a href=\"https:\/\/passadors.wordpress.com\/\">enlla\u00e7<\/a> trobareu la seva p\u00e0gina web.<\/p>\n\n\n<div class=\"wp-block-image\">\n<div><a href=\"https:\/\/www.areabesos.com\/diario\/wp-content\/uploads\/2022\/09\/passadors11-968x1024.jpg\" class=\"td-modal-image\"><figure class=\"aligncenter size-large\"><img loading=\"lazy\" decoding=\"async\" width=\"968\" height=\"1024\" src=\"https:\/\/www.areabesos.com\/diario\/wp-content\/uploads\/2022\/09\/passadors11-968x1024.jpg\" alt=\"\" class=\"wp-image-5481\" srcset=\"https:\/\/www.areabesos.com\/diario\/wp-content\/uploads\/2022\/09\/passadors11-968x1024.jpg 968w, https:\/\/www.areabesos.com\/diario\/wp-content\/uploads\/2022\/09\/passadors11-284x300.jpg 284w, https:\/\/www.areabesos.com\/diario\/wp-content\/uploads\/2022\/09\/passadors11-768x812.jpg 768w, https:\/\/www.areabesos.com\/diario\/wp-content\/uploads\/2022\/09\/passadors11-150x159.jpg 150w, https:\/\/www.areabesos.com\/diario\/wp-content\/uploads\/2022\/09\/passadors11-300x317.jpg 300w, https:\/\/www.areabesos.com\/diario\/wp-content\/uploads\/2022\/09\/passadors11-696x736.jpg 696w, https:\/\/www.areabesos.com\/diario\/wp-content\/uploads\/2022\/09\/passadors11-1068x1129.jpg 1068w, https:\/\/www.areabesos.com\/diario\/wp-content\/uploads\/2022\/09\/passadors11.jpg 1200w\" sizes=\"auto, (max-width: 968px) 100vw, 968px\" \/><\/figure><\/a><\/div>\n<\/div>","protected":false},"excerpt":{"rendered":"<p>La Colla Castellera de Sant Adri\u00e0 de Bes\u00f2s va ser l\u2019entitat m\u00e9s votada en la darrera Mostra d\u2019Entitats que es va celebrar a la pla\u00e7a de la Vila el passat mes de maig. Quan li diem al seu president, l\u2019Albert Escudero, li estranya, perqu\u00e8 \u201cno vam fer res de l\u2019altre m\u00f3n\u201d. Deu ser que \u00e9s [&hellip;]<\/p>\n","protected":false},"author":1,"featured_media":5482,"comment_status":"open","ping_status":"open","sticky":false,"template":"","format":"standard","meta":{"footnotes":""},"categories":[134,136],"tags":[],"class_list":{"0":"post-5472","1":"post","2":"type-post","3":"status-publish","4":"format-standard","5":"has-post-thumbnail","7":"category-actualitat","8":"category-cultura"},"_links":{"self":[{"href":"https:\/\/www.areabesos.com\/diario\/wp-json\/wp\/v2\/posts\/5472","targetHints":{"allow":["GET"]}}],"collection":[{"href":"https:\/\/www.areabesos.com\/diario\/wp-json\/wp\/v2\/posts"}],"about":[{"href":"https:\/\/www.areabesos.com\/diario\/wp-json\/wp\/v2\/types\/post"}],"author":[{"embeddable":true,"href":"https:\/\/www.areabesos.com\/diario\/wp-json\/wp\/v2\/users\/1"}],"replies":[{"embeddable":true,"href":"https:\/\/www.areabesos.com\/diario\/wp-json\/wp\/v2\/comments?post=5472"}],"version-history":[{"count":1,"href":"https:\/\/www.areabesos.com\/diario\/wp-json\/wp\/v2\/posts\/5472\/revisions"}],"predecessor-version":[{"id":5483,"href":"https:\/\/www.areabesos.com\/diario\/wp-json\/wp\/v2\/posts\/5472\/revisions\/5483"}],"wp:featuredmedia":[{"embeddable":true,"href":"https:\/\/www.areabesos.com\/diario\/wp-json\/wp\/v2\/media\/5482"}],"wp:attachment":[{"href":"https:\/\/www.areabesos.com\/diario\/wp-json\/wp\/v2\/media?parent=5472"}],"wp:term":[{"taxonomy":"category","embeddable":true,"href":"https:\/\/www.areabesos.com\/diario\/wp-json\/wp\/v2\/categories?post=5472"},{"taxonomy":"post_tag","embeddable":true,"href":"https:\/\/www.areabesos.com\/diario\/wp-json\/wp\/v2\/tags?post=5472"}],"curies":[{"name":"wp","href":"https:\/\/api.w.org\/{rel}","templated":true}]}}