{"id":5462,"date":"2022-09-06T11:20:02","date_gmt":"2022-09-06T09:20:02","guid":{"rendered":"https:\/\/www.areabesos.com\/diario\/?p=5462"},"modified":"2022-09-06T11:22:53","modified_gmt":"2022-09-06T09:22:53","slug":"lo-que-vivimos-los-dias-de-la-copa-colegial-en-sant-adria-no-lo-habia-visto-nunca","status":"publish","type":"post","link":"https:\/\/www.areabesos.com\/diario\/lo-que-vivimos-los-dias-de-la-copa-colegial-en-sant-adria-no-lo-habia-visto-nunca\/","title":{"rendered":"\u00abLo que vivimos los d\u00edas de la Copa Colegial en Sant Adri\u00e0, no lo hab\u00eda visto nunca\u00bb"},"content":{"rendered":"\n<p>En mayo, el equipo Chavalier\u2019s, del Colegio Sant Gabriel de Sant Adri\u00e0, se proclam\u00f3 campe\u00f3n de la primera edici\u00f3n nacional de la Copa Colegial de baloncesto escolar, que en las ediciones anteriores solo se disputaba a nivel provincial. El camino hasta la final y su triunfo en Valencia uni\u00f3 no solo al colegio, sino a toda la ciudad. Cuando fueron recibidos en la sala de plenos del ayuntamiento para celebrar la conquista del estandarte colegial, la alcaldesa, Filo Ca\u00f1ete, que estuvo anim\u00e1ndoles tanto en la final provincial como en la nacional, les propuso ser los pregoneros de la Fiesta Mayor.<\/p>\n\n\n\n<p>Hablamos con David Aguado, primer entrenador, Marc R\u00edos, entrenador ayudante, y Pol R\u00edos, uno de los jugadores de un equipo que ha hecho historia para Sant Adri\u00e0. <strong><\/strong><\/p>\n\n\n\n<p><strong><span style=\"background-color:#d6e8fa\" class=\"td_text_highlight_marker\">Pregunta. \u00bfC\u00f3mo os sentisteis cuando os dijeron que fuerais los pregoneros?\u00a0 \u00a0\u00a0\u00a0\u00a0\u00a0\u00a0\u00a0<\/span><\/strong><\/p>\n\n\n\n<p><span style=\"background-color:#d6e8fa\" class=\"td_text_highlight_marker\"><strong>Respuesta (David Aguado).<\/strong> <\/span>No lo esper\u00e1bamos, porque ya un acto en el ayuntamiento era mucho. Ahora que se va acercando el d\u00eda est\u00e1s un poco m\u00e1s nervioso pero con mucha ilusi\u00f3n. Creo que es algo que ahora da m\u00e1s nervios que alegr\u00eda, pero que cuando ya lo hayas hecho se te quedar\u00e1 grabado y lo recordar\u00e1s siempre.<\/p>\n\n\n\n<p><strong><span style=\"background-color:#d6e8fa\" class=\"td_text_highlight_marker\">P. \u00bfYa sab\u00e9is qu\u00e9 vais a decir y qui\u00e9n va a hablar?<\/span><\/strong><\/p>\n\n\n\n<p><strong><span style=\"background-color:#d6e8fa\" class=\"td_text_highlight_marker\">R (D.A).<\/span> <\/strong>Qu\u00e9 vamos a decir, a\u00fan no, pero qui\u00e9nes vamos a hablar s\u00ed. Hay dos actos, uno en la sala de plenos, que hablar\u00e9 yo y Pol. Y despu\u00e9s en la carpa hablar\u00e1 Ferr\u00e1n Mi\u00f1ano, que es nuestro orador principal.\u00a0\u00a0\u00a0\u00a0<\/p>\n\n\n\n<p><strong><span style=\"background-color:#d6e8fa\" class=\"td_text_highlight_marker\">P. Habladme de la Copa Colegial. \u00bfEste es el primer a\u00f1o que se juega la final a nivel nacional, no?<\/span><\/strong><\/p>\n\n\n\n<p><strong><span style=\"background-color:#d6e8fa\" class=\"td_text_highlight_marker\">R (Marc R\u00edos).<\/span> <\/strong>S\u00ed. En el cole llev\u00e1bamos participando unos 4 o 5 a\u00f1os, y este a\u00f1o era el primero que se hac\u00eda la final nacional a la que llegaban los ganadores de todas las sedes. Se quer\u00eda hacer el 2020, pero por el Covid no se puedo hacer, ni en el 2021. As\u00ed que este fue el primer a\u00f1o.<\/p>\n\n\n\n<p><strong><span style=\"background-color:#d6e8fa\" class=\"td_text_highlight_marker\">P. \u00bfC\u00f3mo le hab\u00eda ido antes al Sant Gabriel en la Copa Colegial?<\/span>\u00a0<\/strong><\/p>\n\n\n\n<p><strong><span style=\"background-color:#d6e8fa\" class=\"td_text_highlight_marker\">R (M.R.).<\/span> <\/strong>Pues mira, yo soy ex-alumno y las he jugado todas. Siempre compet\u00edamos bien, pero nos qued\u00e1bamos en las semifinales de Barcelona. Era lo m\u00e1ximo a donde hab\u00eda llegado al cole. El par\u00f3n por el Covid, y esta generaci\u00f3n que ten\u00eda muchas ganas de participar, ha hecho que llegaran a lo m\u00e1ximo.<\/p>\n\n\n\n<p><strong><span style=\"background-color:#d6e8fa\" class=\"td_text_highlight_marker\">P. No os ten\u00edan como favoritos. \u00bfEso os dio m\u00e1s impulso?<\/span><\/strong><\/p>\n\n\n\n<p><strong><span style=\"background-color:#d6e8fa\" class=\"td_text_highlight_marker\">R (Pol R\u00edos).<\/span> <\/strong>S\u00ed, siempre se hablaba de La Llauna, que era el equipo que siempre nos hab\u00eda ganado en semis. El Badalon\u00e9s, que ten\u00eda a jugadores de la Penya. Incluso nosotros lo pens\u00e1bamos. Pero, al final, vas de humilde, y les ganas.<\/p>\n\n\n\n<p><strong><span style=\"background-color:#d6e8fa\" class=\"td_text_highlight_marker\">P. El Plantel TV os hizo un documental de todo este camino, del que t\u00fa David llamaste \u201cel Plan\u201d para ganar la competici\u00f3n. \u00bfC\u00f3mo surgi\u00f3 la idea?<\/span><\/strong><\/p>\n\n\n\n<p><strong><span style=\"background-color:#d6e8fa\" class=\"td_text_highlight_marker\">R (D.A.).<\/span> <\/strong>La Copa Colegial siempre se ha movido mucho a nivel de prensa. Se mueve mucho a nivel de redes sociales, por ejemplo. Este a\u00f1o contrataron un servicio de streaming para retransmitir los partidos, y coincidi\u00f3 que eran un grupo de chavales muy j\u00f3venes que conectaron mucho con los jugadores. Creamos muy buen feeling entre todos y adem\u00e1s ganamos, as\u00ed que nos siguieron desde el principio hasta la final de Barcelona.<\/p>\n\n\n\n<p>Les ayudamos muchos a ellos y ellos a nosotros. Adem\u00e1s, tenemos cuatro o cinco profesores en el cole que est\u00e1n muy volcados con la Copa Colegial y les pusieron muchas facilidades.\u00a0\u00a0<\/p>\n\n\n\n<figure class=\"wp-block-embed is-type-video is-provider-youtube wp-block-embed-youtube wp-embed-aspect-16-9 wp-has-aspect-ratio\"><div class=\"wp-block-embed__wrapper\">\n<iframe loading=\"lazy\" title=\"EL PLAN | Un documental de El Plantel TV\" width=\"696\" height=\"392\" src=\"https:\/\/www.youtube.com\/embed\/qB9dA7On4zo?feature=oembed\" frameborder=\"0\" allow=\"accelerometer; autoplay; clipboard-write; encrypted-media; gyroscope; picture-in-picture\" allowfullscreen><\/iframe>\n<\/div><figcaption>El documental \u00abEl Plan\u00bb, de El Plantel TV, explica la creaci\u00f3n del equipo de los Chavalier&#8217;s 2022 y su camino al t\u00edtulo de Barcelona.<\/figcaption><\/figure>\n\n\n\n<hr class=\"wp-block-separator has-alpha-channel-opacity\"\/>\n\n\n\n<p><strong><span style=\"background-color:#d6e8fa\" class=\"td_text_highlight_marker\">P. \u00bfY el famoso \u201cPlan\u201d cuando nace?<\/span><\/strong><\/p>\n\n\n\n<p><strong><span style=\"background-color:#d6e8fa\" class=\"td_text_highlight_marker\">R (D.A.). <\/span><\/strong>Empez\u00f3 un poco de cachondeo, por el tema de Fernando Alonso y su plan en Alpine. Yo, como entrenador, t\u00e1cticamente no soy muy bueno. Me considero m\u00e1s bueno psicol\u00f3gicamente que t\u00e1cticamente. Empezamos la Copa como a ver qu\u00e9 pasaba, pero cuando fuimos viendo que funcionaba, empec\u00e9 a crear un protocolo para cada partido, un plan. La palabra cal\u00f3, y como ven\u00edamos de un fracaso tan grande como el de Fernando Alonso y el nuestro funcionaba, se hizo muy grande. Hasta lo pusimos en la camiseta.<\/p>\n\n\n\n<p><strong><span style=\"background-color:#d6e8fa\" class=\"td_text_highlight_marker\">P. \u00bfPor qu\u00e9 es tan importante la Copa Colegial? \u00bfHa creado m\u00e1s uni\u00f3n de la que ya hab\u00eda?<\/span><\/strong><\/p>\n\n\n\n<p><strong><span style=\"background-color:#d6e8fa\" class=\"td_text_highlight_marker\">R (D.A.).<\/span> <\/strong>S\u00ed, es importante por los valores que transmite. Adem\u00e1s, como te dec\u00eda antes tenemos unos profesores que lo viven mucho, que crean proyectos, actividades en torno a la Copa. Todo el mundo en el cole participa, desde los jugadores hasta el resto de alumnos. Tambi\u00e9n somos de los pocos colegios que jugamos los partidos en horario escolar, y haces que los chavales vayan a animar, as\u00ed se crea mucha afici\u00f3n. Quiz\u00e1s pierdes una hora de matem\u00e1ticas, por ejemplo, pero ganas en uni\u00f3n, y env\u00edas un mensaje de que estamos todos juntos.<\/p>\n\n\n\n<p><strong><span style=\"background-color:#d6e8fa\" class=\"td_text_highlight_marker\">R (M.R.).<\/span> <\/strong>S\u00ed, adem\u00e1s ha hecho que los partidos que hemos jugado fuera, que no eran en horario escolar y no eran en nuestra cancha, viniera mucha gente del cole a animar.<\/p>\n\n\n\n<figure class=\"wp-block-gallery has-nested-images columns-default is-cropped wp-block-gallery-1 is-layout-flex wp-block-gallery-is-layout-flex\">\n<figure class=\"wp-block-image size-large\"><a href=\"https:\/\/www.areabesos.com\/diario\/wp-content\/uploads\/2022\/09\/chavalier02.jpg\"><img loading=\"lazy\" decoding=\"async\" width=\"1024\" height=\"768\" data-id=\"5463\" src=\"https:\/\/www.areabesos.com\/diario\/wp-content\/uploads\/2022\/09\/chavalier02-1024x768.jpg\" alt=\"\" class=\"wp-image-5463\" srcset=\"https:\/\/www.areabesos.com\/diario\/wp-content\/uploads\/2022\/09\/chavalier02-1024x768.jpg 1024w, https:\/\/www.areabesos.com\/diario\/wp-content\/uploads\/2022\/09\/chavalier02-300x225.jpg 300w, https:\/\/www.areabesos.com\/diario\/wp-content\/uploads\/2022\/09\/chavalier02-768x576.jpg 768w, https:\/\/www.areabesos.com\/diario\/wp-content\/uploads\/2022\/09\/chavalier02-150x113.jpg 150w, https:\/\/www.areabesos.com\/diario\/wp-content\/uploads\/2022\/09\/chavalier02-696x522.jpg 696w, https:\/\/www.areabesos.com\/diario\/wp-content\/uploads\/2022\/09\/chavalier02-1068x801.jpg 1068w, https:\/\/www.areabesos.com\/diario\/wp-content\/uploads\/2022\/09\/chavalier02.jpg 1200w\" sizes=\"auto, (max-width: 1024px) 100vw, 1024px\" \/><\/a><figcaption>El equipo fue recibido en la sala de plenos del Ayuntamiento. Foto: Comunicaci\u00f3 SAB<\/figcaption><\/figure>\n\n\n\n<figure class=\"wp-block-image size-large\"><a href=\"https:\/\/www.areabesos.com\/diario\/wp-content\/uploads\/2022\/09\/chavalier03.jpg\"><img loading=\"lazy\" decoding=\"async\" width=\"1024\" height=\"683\" data-id=\"5464\" src=\"https:\/\/www.areabesos.com\/diario\/wp-content\/uploads\/2022\/09\/chavalier03-1024x683.jpg\" alt=\"\" class=\"wp-image-5464\" srcset=\"https:\/\/www.areabesos.com\/diario\/wp-content\/uploads\/2022\/09\/chavalier03-1024x683.jpg 1024w, https:\/\/www.areabesos.com\/diario\/wp-content\/uploads\/2022\/09\/chavalier03-300x200.jpg 300w, https:\/\/www.areabesos.com\/diario\/wp-content\/uploads\/2022\/09\/chavalier03-768x512.jpg 768w, https:\/\/www.areabesos.com\/diario\/wp-content\/uploads\/2022\/09\/chavalier03-150x100.jpg 150w, https:\/\/www.areabesos.com\/diario\/wp-content\/uploads\/2022\/09\/chavalier03-696x464.jpg 696w, https:\/\/www.areabesos.com\/diario\/wp-content\/uploads\/2022\/09\/chavalier03-1068x712.jpg 1068w, https:\/\/www.areabesos.com\/diario\/wp-content\/uploads\/2022\/09\/chavalier03.jpg 1200w\" sizes=\"auto, (max-width: 1024px) 100vw, 1024px\" \/><\/a><figcaption>El Marina Bes\u00f2s se llen\u00f3 de afici\u00f3n en la final de Barcelona. Foto: Manu Rueda<\/figcaption><\/figure>\n<\/figure>\n\n\n\n<hr class=\"wp-block-separator has-alpha-channel-opacity\"\/>\n\n\n\n<p><strong><span style=\"background-color:#d6e8fa\" class=\"td_text_highlight_marker\">P. \u00bfLo not\u00e1is en la pista eso Pol?<\/span><\/strong><\/p>\n\n\n\n<p><strong><span style=\"background-color:#d6e8fa\" class=\"td_text_highlight_marker\">R (P.R.).<\/span> <\/strong>El partido de La Llauna fue incre\u00edble. Quedamos en el cole todos juntos y fuimos en metro a La Plana, en Badalona. Fuera del partido ya te motivas, y cuando sales a la pista y ves que tienes una grada entera anim\u00e1ndote, es incre\u00edble. No s\u00e9 si a todo el mundo, pero a m\u00ed es lo que m\u00e1s me gusta del b\u00e1squet. Entras m\u00e1s motivado, y cuando no te salen las cosas, esos hacen que te salgan.<\/p>\n\n\n\n<p><strong><span style=\"background-color:#d6e8fa\" class=\"td_text_highlight_marker\">P. Y luego en la final fue hasta un autob\u00fas desde Sant Adri\u00e0 hasta Valencia.\u00a0<\/span><\/strong><\/p>\n\n\n\n<p><strong><span style=\"background-color:#d6e8fa\" class=\"td_text_highlight_marker\">R (D.A.).<\/span> <\/strong>S\u00ed, y la de aqu\u00ed mismo en Sant Adri\u00e0 la montamos muy grande en el Marina. Creo que por ah\u00ed va el preg\u00f3n, porque contamos con ayuda, no solo del cole, sino de la ciudad. Del Itaca, de La Font, de todos. Me dijeron que en algunos bares lo pusieron en la tele y hab\u00eda mucha gente vi\u00e9ndolo como si fuera un partido del Bar\u00e7a. Lo que vivimos ellos d\u00edas en Sant Adri\u00e0 yo no lo hab\u00eda vivido nunca.<\/p>\n\n\n\n<p><strong><span style=\"background-color:#d6e8fa\" class=\"td_text_highlight_marker\">R (M.R.). <\/span><\/strong>Y luego Valencia, que se ponga un autocar para ir a animar al equipo, que se llenara y que hubiera gente que se quedara sin plazas.<\/p>\n\n\n\n<p><strong><span style=\"background-color:#d6e8fa\" class=\"td_text_highlight_marker\">P. Y ya para acabar, \u00bfqu\u00e9 acto de Fiesta Mayor no os perd\u00e9is nunca?\u00a0<\/span><\/strong><\/p>\n\n\n\n<p><strong><span style=\"background-color:#d6e8fa\" class=\"td_text_highlight_marker\">R (D.A.).<\/span> <\/strong>La ruta del kinto&#8230;\u00a0\u00a0<\/p>\n\n\n\n<p>El equipo Chavalier\u2019s Sant Gabriel que gan\u00f3 la Copa Colegial Nacional est\u00e1 formado por \u00c1lex Valls, D\u00eddac Rodr\u00edguez, Pol R\u00edos, Alejandro Alonso, Carlos Mateo, Ferr\u00e1n Mi\u00f1ano, Arnau Pardo, V\u00edctor G\u00f3mez, H\u00e9ctor \u00c1vila, Aleix L\u00f3pez, \u00c1ngel Maldonado, Jan P\u00e9rez, i \u00c1lex Mart\u00ednez.&nbsp;<\/p>\n","protected":false},"excerpt":{"rendered":"<p>En mayo, el equipo Chavalier\u2019s, del Colegio Sant Gabriel de Sant Adri\u00e0, se proclam\u00f3 campe\u00f3n de la primera edici\u00f3n nacional de la Copa Colegial de baloncesto escolar, que en las ediciones anteriores solo se disputaba a nivel provincial. El camino hasta la final y su triunfo en Valencia uni\u00f3 no solo al colegio, sino a [&hellip;]<\/p>\n","protected":false},"author":1,"featured_media":5465,"comment_status":"open","ping_status":"open","sticky":false,"template":"","format":"standard","meta":{"footnotes":""},"categories":[134,138,137],"tags":[],"class_list":{"0":"post-5462","1":"post","2":"type-post","3":"status-publish","4":"format-standard","5":"has-post-thumbnail","7":"category-actualitat","8":"category-entrevistes","9":"category-esports"},"_links":{"self":[{"href":"https:\/\/www.areabesos.com\/diario\/wp-json\/wp\/v2\/posts\/5462","targetHints":{"allow":["GET"]}}],"collection":[{"href":"https:\/\/www.areabesos.com\/diario\/wp-json\/wp\/v2\/posts"}],"about":[{"href":"https:\/\/www.areabesos.com\/diario\/wp-json\/wp\/v2\/types\/post"}],"author":[{"embeddable":true,"href":"https:\/\/www.areabesos.com\/diario\/wp-json\/wp\/v2\/users\/1"}],"replies":[{"embeddable":true,"href":"https:\/\/www.areabesos.com\/diario\/wp-json\/wp\/v2\/comments?post=5462"}],"version-history":[{"count":5,"href":"https:\/\/www.areabesos.com\/diario\/wp-json\/wp\/v2\/posts\/5462\/revisions"}],"predecessor-version":[{"id":5471,"href":"https:\/\/www.areabesos.com\/diario\/wp-json\/wp\/v2\/posts\/5462\/revisions\/5471"}],"wp:featuredmedia":[{"embeddable":true,"href":"https:\/\/www.areabesos.com\/diario\/wp-json\/wp\/v2\/media\/5465"}],"wp:attachment":[{"href":"https:\/\/www.areabesos.com\/diario\/wp-json\/wp\/v2\/media?parent=5462"}],"wp:term":[{"taxonomy":"category","embeddable":true,"href":"https:\/\/www.areabesos.com\/diario\/wp-json\/wp\/v2\/categories?post=5462"},{"taxonomy":"post_tag","embeddable":true,"href":"https:\/\/www.areabesos.com\/diario\/wp-json\/wp\/v2\/tags?post=5462"}],"curies":[{"name":"wp","href":"https:\/\/api.w.org\/{rel}","templated":true}]}}