{"id":5459,"date":"2022-09-06T11:07:18","date_gmt":"2022-09-06T09:07:18","guid":{"rendered":"https:\/\/www.areabesos.com\/diario\/?p=5459"},"modified":"2022-09-06T11:07:20","modified_gmt":"2022-09-06T09:07:20","slug":"la-sombra-de-un-arbol","status":"publish","type":"post","link":"https:\/\/www.areabesos.com\/diario\/la-sombra-de-un-arbol\/","title":{"rendered":"La sombra de un \u00e1rbol"},"content":{"rendered":"\n<p>El verano es el momento en el que todo madura. En su amalgama de d\u00edas nos trae lo que hace falta. Viene de lejos, sin prisas, con sabia paz que palpa la piel del aire y una sonoridad que cubre desamparos y acierta en las esperas. Su &nbsp;tiempo descansa en el regazo de los sue\u00f1os, huella que dilata compases lentos susurrando aromas en la cuerda floja que dejan los desencuentros.<\/p>\n\n\n\n<p>El \u00e1rbol es el ser m\u00e1s vivo que existe, un punto de acuerdo, un eje com\u00fan cuya presencia constante nos envuelve para adoptarnos con su abrazo. &nbsp;Contemplarlo es un vicio para la imaginaci\u00f3n, nos hace crecer las miradas, nos eleva en su fluir oculto de luz y sombras.&nbsp; Es el eje de la humanidad: nos alimenta, nos calienta, nos alumbra, nos regula con sus muchas funciones; es el alma de los carpinteros, barqueros, campesinos, libreros, estudiantes, motor del desarrollo (a pesar de la industrializaci\u00f3n), aunque no somos conscientes. Hemos perdido su referencia, nos falta su lazo educativo, su ra\u00edz entre nosotros: se prohibi\u00f3 en escuelas porque pod\u00edamos trepar y caernos.<\/p>\n\n\n\n<p>Pero la chiquiller\u00eda sigue jugando a su lado, los viejos charlan bajo sus copas. Dan testimonio de caricias, amparan vidas solitarias, comparten reglas de la vida. Junto a su piel se derraman los sentidos: se escuchan olores, se respira su paisaje que, a veces, huele a silencio reposado. Estar bajo sus ramas nos puede empapar, hasta que se escapa alg\u00fan suspiro, un momento en que sentirnos relajados, en calma, para sumergirse en la lectura o en el descanso, a la charla \u00edntima, al juego, al paseo, al ejercicio\u2026 Formamos parte de su buena sombra. Cuando el sol aprieta la buscamos, es un regalo al servicio de seres los vivos A pesar de los habit\u00e1culos y artefactos que nos protegen del calor, del fr\u00edo, de la lluvia o del viento, nos habla desde su savia profunda, nos anima a&nbsp; recordar nuestra antigua relaci\u00f3n. A trav\u00e9s de las hojas tiemblan sus versos, laten como hermanos el afecto y la identidad, imprescindibles para plantar los a\u00f1os.<\/p>\n\n\n\n<p>Libros como <em>El \u00e1rbol<\/em> de<strong>John Fowles, o el del mismo nombre de<\/strong> Joaqu\u00edn Ara\u00fajo, o los de Francis Hall\u00e9 oHelena Attlee, el de Patricia de Souza o N\u00faria Ruiz, o&nbsp; Susanna Isern &nbsp;contienen bosques en los que conviven las palabras y sus frutos. Su magia, dice Ignacio Abella, &nbsp;nos ense\u00f1a que somos la mejor pareja de baile.<\/p>\n\n\n\n<p>Vivimos tiempos extra\u00f1os por lo que se dice y lo que se calla, desconcierta la falta de transparencia \u2013 y tanto\u00a0 peso acumulado-. A pesar de todo, seguimos siendo sopladores de vuelos, bajo sus sombras existe un hogar al que s\u00f3lo llegaremos a trav\u00e9s del apego respetuoso que d\u00e9 cobijo a tanto aire roto.<\/p>\n\n\n\n<p><span style=\"background-color:#0c0000\" class=\"td_text_highlight_marker\">Francesc Reina<\/span><\/p>\n","protected":false},"excerpt":{"rendered":"<p>El verano es el momento en el que todo madura. En su amalgama de d\u00edas nos trae lo que hace falta. Viene de lejos, sin prisas, con sabia paz que palpa la piel del aire y una sonoridad que cubre desamparos y acierta en las esperas. Su &nbsp;tiempo descansa en el regazo de los sue\u00f1os, [&hellip;]<\/p>\n","protected":false},"author":2,"featured_media":5460,"comment_status":"open","ping_status":"open","sticky":false,"template":"","format":"standard","meta":{"footnotes":""},"categories":[139],"tags":[],"class_list":{"0":"post-5459","1":"post","2":"type-post","3":"status-publish","4":"format-standard","5":"has-post-thumbnail","7":"category-opinio"},"_links":{"self":[{"href":"https:\/\/www.areabesos.com\/diario\/wp-json\/wp\/v2\/posts\/5459","targetHints":{"allow":["GET"]}}],"collection":[{"href":"https:\/\/www.areabesos.com\/diario\/wp-json\/wp\/v2\/posts"}],"about":[{"href":"https:\/\/www.areabesos.com\/diario\/wp-json\/wp\/v2\/types\/post"}],"author":[{"embeddable":true,"href":"https:\/\/www.areabesos.com\/diario\/wp-json\/wp\/v2\/users\/2"}],"replies":[{"embeddable":true,"href":"https:\/\/www.areabesos.com\/diario\/wp-json\/wp\/v2\/comments?post=5459"}],"version-history":[{"count":1,"href":"https:\/\/www.areabesos.com\/diario\/wp-json\/wp\/v2\/posts\/5459\/revisions"}],"predecessor-version":[{"id":5461,"href":"https:\/\/www.areabesos.com\/diario\/wp-json\/wp\/v2\/posts\/5459\/revisions\/5461"}],"wp:featuredmedia":[{"embeddable":true,"href":"https:\/\/www.areabesos.com\/diario\/wp-json\/wp\/v2\/media\/5460"}],"wp:attachment":[{"href":"https:\/\/www.areabesos.com\/diario\/wp-json\/wp\/v2\/media?parent=5459"}],"wp:term":[{"taxonomy":"category","embeddable":true,"href":"https:\/\/www.areabesos.com\/diario\/wp-json\/wp\/v2\/categories?post=5459"},{"taxonomy":"post_tag","embeddable":true,"href":"https:\/\/www.areabesos.com\/diario\/wp-json\/wp\/v2\/tags?post=5459"}],"curies":[{"name":"wp","href":"https:\/\/api.w.org\/{rel}","templated":true}]}}