{"id":5456,"date":"2022-09-02T10:21:16","date_gmt":"2022-09-02T08:21:16","guid":{"rendered":"https:\/\/www.areabesos.com\/diario\/?p=5456"},"modified":"2022-09-02T10:21:21","modified_gmt":"2022-09-02T08:21:21","slug":"nova-sessio-de-la-ruta-cultural-de-sant-adria-per-la-festa-major","status":"publish","type":"post","link":"https:\/\/www.areabesos.com\/diario\/nova-sessio-de-la-ruta-cultural-de-sant-adria-per-la-festa-major\/","title":{"rendered":"Nova sessi\u00f3 de la ruta cultural de Sant Adri\u00e0 per la Festa Major"},"content":{"rendered":"\n<p>El proper dissabte, 10 de setembre, i dins dels actes de la Festa Major, es dur\u00e0 a terme una nova sessi\u00f3 de les rutes culturals per Sant Adri\u00e0 de Bes\u00f2s. L&#8217;acte comen\u00e7ar\u00e0 a les 18.30 hores a la pla\u00e7a de l&#8217;Esgl\u00e9sia, per\u00f2 cal arribar 15 minuts abans. L&#8217;activitat \u00e9s gratu\u00efta i adre\u00e7ada a tothom qui estigui interessat.<\/p>\n\n\n\n<p>La ruta, que t\u00e9 com a objectiu difondre el patrimoni i la hist\u00f2ria de la ciutat, consisteix en un recorregut pels indrets &nbsp;m\u00e9s importants del patrimoni arquitect\u00f2nic del municipi i una explicaci\u00f3 dels moments hist\u00f2rics lligats a cada lloc, il.lustrada amb accions teatrals d\u2019 actors i actrius voluntaris del grup Hist\u00f2ria Viva.<\/p>\n\n\n\n<p>Els punts que es visiten s\u00f3n l\u2019antic Ajuntament de la Rep\u00fablica, Can Rigalt, l\u2019edifici Polydor, el pont dels Passadors, l\u2019arc de Sant Adri\u00e0 i el Museu d\u2019hist\u00f2ria de la immigraci\u00f3 de Catalunya (MhiC).<\/p>\n\n\n\n<p>Si esteu interessats, <strong>cal inscriure&#8217;s pr\u00e8viament\u00a0<a href=\"https:\/\/rutesculturasab.wordpress.com\/acerca-de\/\">en aquest enlla\u00e7<\/a>.<\/strong><\/p>\n","protected":false},"excerpt":{"rendered":"<p>El proper dissabte, 10 de setembre, i dins dels actes de la Festa Major, es dur\u00e0 a terme una nova sessi\u00f3 de les rutes culturals per Sant Adri\u00e0 de Bes\u00f2s. L&#8217;acte comen\u00e7ar\u00e0 a les 18.30 hores a la pla\u00e7a de l&#8217;Esgl\u00e9sia, per\u00f2 cal arribar 15 minuts abans. L&#8217;activitat \u00e9s gratu\u00efta i adre\u00e7ada a tothom qui [&hellip;]<\/p>\n","protected":false},"author":2,"featured_media":5457,"comment_status":"open","ping_status":"open","sticky":false,"template":"","format":"standard","meta":{"footnotes":""},"categories":[134,136],"tags":[],"class_list":{"0":"post-5456","1":"post","2":"type-post","3":"status-publish","4":"format-standard","5":"has-post-thumbnail","7":"category-actualitat","8":"category-cultura"},"_links":{"self":[{"href":"https:\/\/www.areabesos.com\/diario\/wp-json\/wp\/v2\/posts\/5456","targetHints":{"allow":["GET"]}}],"collection":[{"href":"https:\/\/www.areabesos.com\/diario\/wp-json\/wp\/v2\/posts"}],"about":[{"href":"https:\/\/www.areabesos.com\/diario\/wp-json\/wp\/v2\/types\/post"}],"author":[{"embeddable":true,"href":"https:\/\/www.areabesos.com\/diario\/wp-json\/wp\/v2\/users\/2"}],"replies":[{"embeddable":true,"href":"https:\/\/www.areabesos.com\/diario\/wp-json\/wp\/v2\/comments?post=5456"}],"version-history":[{"count":1,"href":"https:\/\/www.areabesos.com\/diario\/wp-json\/wp\/v2\/posts\/5456\/revisions"}],"predecessor-version":[{"id":5458,"href":"https:\/\/www.areabesos.com\/diario\/wp-json\/wp\/v2\/posts\/5456\/revisions\/5458"}],"wp:featuredmedia":[{"embeddable":true,"href":"https:\/\/www.areabesos.com\/diario\/wp-json\/wp\/v2\/media\/5457"}],"wp:attachment":[{"href":"https:\/\/www.areabesos.com\/diario\/wp-json\/wp\/v2\/media?parent=5456"}],"wp:term":[{"taxonomy":"category","embeddable":true,"href":"https:\/\/www.areabesos.com\/diario\/wp-json\/wp\/v2\/categories?post=5456"},{"taxonomy":"post_tag","embeddable":true,"href":"https:\/\/www.areabesos.com\/diario\/wp-json\/wp\/v2\/tags?post=5456"}],"curies":[{"name":"wp","href":"https:\/\/api.w.org\/{rel}","templated":true}]}}